{"id":18208,"date":"2022-05-05T09:27:21","date_gmt":"2022-05-05T07:27:21","guid":{"rendered":"https:\/\/turismo.elejido.es\/?p=18208"},"modified":"2022-11-16T10:15:02","modified_gmt":"2022-11-16T09:15:02","slug":"el-ejido-se-mantiene-como-el-segundo-municipio-de-andalucia-con-el-mayor-numero-de-empresas-y-servicios-turisticos-certificados-con-el-distintivo-de-calidad-sicted","status":"publish","type":"post","link":"https:\/\/turismo.elejido.es\/index.php\/el-ejido-se-mantiene-como-el-segundo-municipio-de-andalucia-con-el-mayor-numero-de-empresas-y-servicios-turisticos-certificados-con-el-distintivo-de-calidad-sicted\/","title":{"rendered":"El Ejido se mantiene como el segundo municipio de Andaluc\u00eda con el mayor n\u00famero de empresas y servicios tur\u00edsticos certificados con el distintivo de calidad SICTED"},"content":{"rendered":"\n<div class=\"wp-block-nk-awb nk-awb alturaSlider\"><div class=\"nk-awb-wrap\" data-awb-type=\"image\" data-awb-image-background-size=\"cover\" data-awb-image-background-position=\"51% 25%\" data-awb-parallax=\"scroll\" data-awb-parallax-speed=\"0.5\" data-awb-parallax-mobile=\"false\"><div class=\"nk-awb-overlay\" style=\"background-color: rgba(0, 0, 0, 0.4);\"><\/div><div class=\"nk-awb-inner\"><img loading=\"lazy\" decoding=\"async\" src=\"https:\/\/app.elejido.es\/turismo\/wp-content\/uploads\/2022\/05\/220505-ENTREGA-SICTED-Cropped-scaled.jpg\" class=\"wp-image-18210 jarallax-img is-layout-constrained wp-block-nk-awb-is-layout-constrained\" width=\"2560\" height=\"2560\" srcset=\"https:\/\/turismo.elejido.es\/wp-content\/uploads\/2022\/05\/220505-ENTREGA-SICTED-Cropped-scaled.jpg 2560w, https:\/\/turismo.elejido.es\/wp-content\/uploads\/2022\/05\/220505-ENTREGA-SICTED-Cropped-500x500.jpg 500w, https:\/\/turismo.elejido.es\/wp-content\/uploads\/2022\/05\/220505-ENTREGA-SICTED-Cropped-1080x1080.jpg 1080w, https:\/\/turismo.elejido.es\/wp-content\/uploads\/2022\/05\/220505-ENTREGA-SICTED-Cropped-150x150.jpg 150w, https:\/\/turismo.elejido.es\/wp-content\/uploads\/2022\/05\/220505-ENTREGA-SICTED-Cropped-768x768.jpg 768w, https:\/\/turismo.elejido.es\/wp-content\/uploads\/2022\/05\/220505-ENTREGA-SICTED-Cropped-300x300.jpg 300w, https:\/\/turismo.elejido.es\/wp-content\/uploads\/2022\/05\/220505-ENTREGA-SICTED-Cropped-1536x1536.jpg 1536w, https:\/\/turismo.elejido.es\/wp-content\/uploads\/2022\/05\/220505-ENTREGA-SICTED-Cropped-2048x2048.jpg 2048w, https:\/\/turismo.elejido.es\/wp-content\/uploads\/2022\/05\/220505-ENTREGA-SICTED-Cropped-800x800.jpg 800w, https:\/\/turismo.elejido.es\/wp-content\/uploads\/2022\/05\/220505-ENTREGA-SICTED-Cropped-1280x1280.jpg 1280w, https:\/\/turismo.elejido.es\/wp-content\/uploads\/2022\/05\/220505-ENTREGA-SICTED-Cropped-1920x1920.jpg 1920w, https:\/\/turismo.elejido.es\/wp-content\/uploads\/2022\/05\/220505-ENTREGA-SICTED-Cropped-600x600.jpg 600w\" sizes=\"auto, (max-width: 2560px) 100vw, 2560px\" \/><\/div><\/div>\n<h3 class=\"has-text-align-center has-white-color has-text-color wp-block-heading\">Prensa<\/h3>\n\n\n\n<h2 class=\"has-text-align-center has-white-color has-text-color wp-block-heading\"><strong><strong><strong><strong><strong><strong><strong><strong><strong><strong><strong><strong><strong><strong><strong><strong><strong><strong><strong>El Ejido se mantiene como el segundo municipio de Andaluc\u00eda con el mayor n\u00famero de empresas y servicios tur\u00edsticos certificados con el distintivo de calidad SICTED<\/strong><\/strong><\/strong><\/strong><\/strong><\/strong><\/strong><\/strong><\/strong><\/strong><\/strong><\/strong><\/strong><\/strong><\/strong><\/strong><\/strong><\/strong><\/strong><\/h2>\n\n\n<p style='color:white'>5 mayo, 2022<\/p>\n<\/div>\n\n\n\n<div style=\"height:100px\" aria-hidden=\"true\" class=\"wp-block-spacer\"><\/div>\n\n\n\n<div class=\"wp-block-group container justificarTexto\"><div class=\"wp-block-group__inner-container is-layout-flow wp-block-group-is-layout-flow\">\n<p><em><strong>El alcalde ha presidido la entrega de 23 diplomas y las placas de renovaci\u00f3n y de una nueva certificaci\u00f3n que reconocen el compromiso y trabajo del sector por ganar en calidad y competitividad<\/strong><\/em><\/p>\n\n\n\n<p><em><strong><em><strong><em><strong><em><strong><em><strong><em><strong><em><strong>Para G\u00f3ngora \u201cla acreditaci\u00f3n SICTED es un reconocimiento que beneficia a la marca El Ejido, hace posible que las empresas se diferencien del resto por su esfuerzo y mejora continua, y que ganen en fidelizaci\u00f3n de usuarios y visitantes\u201d<\/strong><\/em><\/strong><\/em><\/strong><\/em><\/strong><\/em><\/strong><\/em><\/strong><\/em><\/strong><\/em><\/p>\n\n\n\n<p> <em><strong><em><strong><em><strong><em><strong><em><strong><em><strong><em><strong>G\u00f3ngora ha destacado \u201cla gran apuesta que realizamos desde el equipo de Gobierno por el sector tur\u00edstico y que se traduce, por ejemplo, en proyectos tan importantes como el Plan de Sostenibilidad Tur\u00edstica, el Agriculture Experience Center, Centro de Experiencias gastron\u00f3micas o el Jard\u00edn Mediterr\u00e1neo\u201d<\/strong><\/em><\/strong><\/em><\/strong><\/em><\/strong><\/em><\/strong><\/em><\/strong><\/em><\/strong><\/em><\/p>\n\n\n\n<p><strong><strong><strong><strong><strong><strong><strong>El Ejido, 5 de mayo de 2022.- <\/strong><\/strong><\/strong><\/strong><\/strong><\/strong><\/strong>El Ayuntamiento de El Ejido ha llevado a cabo hoy una nueva entrega de diplomas y placas de renovaci\u00f3n y certificaci\u00f3n de distintivos SICTED a empresas del municipio que buscan homogenizar la calidad de los establecimientos y servicios de los distintos segmentos que ofrece el sector tur\u00edstico.<\/p>\n\n\n\n<p>El alcalde, Francisco G\u00f3ngora, junto a la edil de Turismo, Luisa Barranco ha presidido esta entrega que ha tenido lugar en la terraza del Hotel Victoria con la presencia de los responsables de las empresas, donde ha puesto de relieve que \u201ceste certificado acredita el compromiso por la calidad de vuestras empresas, por seguir avanzando en el servicio que prest\u00e1is a vuestros clientes y turistas que cada a\u00f1o nos visitan\u201d.<\/p>\n\n\n\n<p>En esta l\u00ednea, el primer edil ha recordado \u201cla gran apuesta que estamos realizando desde el equipo de Gobierno por el sector tur\u00edstico y que, por ejemplo, ha supuesto proyectar, por un lado, el Plan de Sostenibilidad Tur\u00edstica, que est\u00e1 dotado con 3.2 millones de euros de fondos europeos de recuperaci\u00f3n, que contempla tres importantes actuaciones: Agriculture Experience Center, Centro de Experiencias gastron\u00f3micas Mar y Tierra, y el Jard\u00edn Mediterr\u00e1neo, con las que se prev\u00e9 crear sinergias entre el turismo y la agricultura, incrementar el n\u00famero de visitantes al a\u00f1o y generar riqueza y empleo\u201d.<\/p>\n\n\n\n<p>Por otro lado, \u201chemos logrado la subvenci\u00f3n a la Recuperaci\u00f3n Medioambiental y Uso Sostenible de las playas del Litoral Andaluz con un importe de 500.000 euros y ocho actuaciones para la costa\u201d, como la creaci\u00f3n de un Centro de Recepci\u00f3n e Interpretaci\u00f3n; adem\u00e1s de la adecuaci\u00f3n de duchas en el Paseo de Levante; adaptaci\u00f3n y reposici\u00f3n de Torres de Vigilancia; Mejora de la eficiencia energ\u00e9tica en las playas mediante la instalaci\u00f3n de paneles fotovoltaicos; instalaci\u00f3n de puntos Wi-Fi en varios tramos de playa; mejora del equipamiento de salvamento y socorrismo de playas; infraestructura para la mejora de la accesibilidad mediante pasarelas; y anclajes ecol\u00f3gicos para el balizamiento.<\/p>\n\n\n\n<p>En esta l\u00ednea se encuentra el proyecto SICTED al que El Ejido est\u00e1 vinculado desde el a\u00f1o 2015. Es un programa promovido por TURESPA\u00d1A, adscrito al Ministerio de Industria, Comercio y Turismo (Secretar\u00eda de Estado de Turismo); y a la FEMP que certifica un salto de calidad en el servicio ofertado y apuesta por la calidad en establecimientos y servicios.<\/p>\n\n\n\n<p>El Ejido ostenta el segundo puesto en Andaluc\u00eda despu\u00e9s de M\u00e1laga, en n\u00famero de empresa que lucen este importante reconocimiento, con 61 empresas certificadas y 119 trabajando dentro del programa.<\/p>\n\n\n\n<p>G\u00f3ngora ha puesto el acento en que \u201cla acreditaci\u00f3n del SICTED es un reconocimiento colectivo que beneficia a la marca El Ejido, hace posible que las empresas se diferencien del resto, por su esfuerzo y mejora continua, ganen en competitividad y diferenciaci\u00f3n. El hecho de implantar este distintivo beneficia a las empresas en su gesti\u00f3n interna de funcionamiento, a la vez que incrementa la cualificaci\u00f3n de su equipo profesional\u201d.<\/p>\n\n\n\n<p>Asimismo, les sirve para promocionarse y diferenciarse de la competencia con esta distinci\u00f3n. Y el hecho de tener el distintivo otorga m\u00e1s puntos a la hora de solicitar subvenciones de turismo.<\/p>\n\n\n\n<p>Hoy ha recibido por primera vez su placa y su certificaci\u00f3n oficial \u2018Asistencias Miguel\u00f3n\u2019 y se han entregado 23 diplomas y placas de renovaci\u00f3n al hotel AR Almerimar, Hotel Golf Almerimar, Gran Hotel Victoria, Ejidohotel, Hostal TruckStop Poniente, TruckStop El Ejido Pensi\u00f3n, Clisol Agro, Golf Almerimar, V\u00edctor Fern\u00e1ndez Center, Karting Copo, Informaci\u00f3n Tur\u00edstica, Juguetoon, Juguetoon Copo, L\u00e1zaro Joyer\u00eda, La Almunya del Sur, La Lonja, Luisol Viajes, Maddox Centro \u00d3ptico, Sal\u00f3n de Belleza Nueve Lunas, N\u00e1utica Almerimar, \u00d3ptica Orber\u00e1 y Tertia Sensu.<\/p>\n\n\n\n<p>El objetivo de El Ejido es implantar el SICTED en la mayor parte de sectores empresariales para obtener una calidad homog\u00e9nea en establecimientos y servicios tur\u00edsticos; intentando satisfacer a turistas y clientes, para fomentar la fidelizaci\u00f3n de los consumidores, a la vez que incrementar la implicaci\u00f3n y participaci\u00f3n con el tejido empresarial con el ayuntamiento.<\/p>\n\n\n\n<div style=\"height:100px\" aria-hidden=\"true\" class=\"wp-block-spacer\"><\/div>\n\n\n\n<h2 class=\"has-text-align-center wp-block-heading\">Noticias Recientes<\/h2>\n\n\n\n<div style=\"text-align: center\"><a href=\"https:\/\/app.elejido.es\/turismo\/?cat=381\">Ver todo<\/a><\/div>\n\n\n\n<div style=\"height:25px\" aria-hidden=\"true\" class=\"wp-block-spacer\"><\/div>\n\n\n<div\n\t\t\t\n\t\t\tclass=\"so-widget-lsow-posts-carousel so-widget-lsow-posts-carousel-default-3dd089290af6\"\n\t\t\t\n\t\t><div id=\"lsow-posts-carousel-69ec89e371bd5\" class=\"lsow-posts-carousel lsow-container\" data-settings='{\"arrows\":true,\"dots\":false,\"autoplay\":false,\"autoplay_speed\":3000,\"animation_speed\":300,\"pause_on_hover\":true,\"display_columns\":3,\"scroll_columns\":3,\"gutter\":10,\"so_field_container_state\":\"open\",\"customize\":\"\",\"tablet_width\":800,\"tablet_display_columns\":2,\"tablet_scroll_columns\":1,\"mobile_width\":480,\"mobile_display_columns\":1,\"mobile_scroll_columns\":1}'><div data-id=\"id-25901\" class=\"lsow-posts-carousel-item\"><article id=\"post-25901\" class=\"post-25901 post type-post status-publish format-standard has-post-thumbnail hentry category-noticias entry has-media\"><div class=\"lsow-project-image\"><a href=\"https:\/\/turismo.elejido.es\/index.php\/el-ejido-avanza-en-la-planificacion-de-la-temporada-de-playas-2026-con-mejoras-en-seguridad-accesibilidad-y-sostenibilidad\/\" target=\"_self\"><img loading=\"lazy\" decoding=\"async\" width=\"500\" height=\"500\" src=\"https:\/\/turismo.elejido.es\/wp-content\/uploads\/2026\/04\/foto-nota-de-prensa-Cropped-500x500.jpg\" class=\"attachment-awb_sm size-awb_sm wp-post-image\" alt=\"\" srcset=\"https:\/\/turismo.elejido.es\/wp-content\/uploads\/2026\/04\/foto-nota-de-prensa-Cropped-500x500.jpg 500w, https:\/\/turismo.elejido.es\/wp-content\/uploads\/2026\/04\/foto-nota-de-prensa-Cropped-1080x1080.jpg 1080w, https:\/\/turismo.elejido.es\/wp-content\/uploads\/2026\/04\/foto-nota-de-prensa-Cropped-150x150.jpg 150w, https:\/\/turismo.elejido.es\/wp-content\/uploads\/2026\/04\/foto-nota-de-prensa-Cropped-768x768.jpg 768w, https:\/\/turismo.elejido.es\/wp-content\/uploads\/2026\/04\/foto-nota-de-prensa-Cropped-300x300.jpg 300w, https:\/\/turismo.elejido.es\/wp-content\/uploads\/2026\/04\/foto-nota-de-prensa-Cropped-1536x1536.jpg 1536w, https:\/\/turismo.elejido.es\/wp-content\/uploads\/2026\/04\/foto-nota-de-prensa-Cropped-2048x2048.jpg 2048w, https:\/\/turismo.elejido.es\/wp-content\/uploads\/2026\/04\/foto-nota-de-prensa-Cropped-600x600.jpg 600w, https:\/\/turismo.elejido.es\/wp-content\/uploads\/2026\/04\/foto-nota-de-prensa-Cropped-800x800.jpg 800w, https:\/\/turismo.elejido.es\/wp-content\/uploads\/2026\/04\/foto-nota-de-prensa-Cropped-1280x1280.jpg 1280w, https:\/\/turismo.elejido.es\/wp-content\/uploads\/2026\/04\/foto-nota-de-prensa-Cropped-1920x1920.jpg 1920w\" sizes=\"auto, (max-width: 500px) 100vw, 500px\" \/><\/a><div class=\"lsow-image-info\"><div class=\"lsow-entry-info\"><h3 class=\"lsow-post-title\"><a href=\"https:\/\/turismo.elejido.es\/index.php\/el-ejido-avanza-en-la-planificacion-de-la-temporada-de-playas-2026-con-mejoras-en-seguridad-accesibilidad-y-sostenibilidad\/\" title=\"El Ejido avanza en la planificaci\u00f3n de la temporada de playas 2026 con mejoras en seguridad, accesibilidad y sostenibilidad\" target=\"_self\" rel=\"bookmark\">El Ejido avanza en la planificaci\u00f3n de la temporada de playas 2026 con mejoras en seguridad, accesibilidad y sostenibilidad<\/a><\/h3><\/div><\/div><!-- .lsow-image-info --><\/div><div class=\"lsow-entry-text-wrap \"><h3 class=\"entry-title\"><a href=\"https:\/\/turismo.elejido.es\/index.php\/el-ejido-avanza-en-la-planificacion-de-la-temporada-de-playas-2026-con-mejoras-en-seguridad-accesibilidad-y-sostenibilidad\/\" title=\"El Ejido avanza en la planificaci\u00f3n de la temporada de playas 2026 con mejoras en seguridad, accesibilidad y sostenibilidad\" target=\"_self\" rel=\"bookmark\">El Ejido avanza en la planificaci\u00f3n de la temporada de playas 2026 con mejoras en seguridad, accesibilidad y sostenibilidad<\/a><\/h3><\/div><\/article><!-- .hentry --><\/div><!-- .lsow-posts-carousel-item --><div data-id=\"id-25892\" class=\"lsow-posts-carousel-item\"><article id=\"post-25892\" class=\"post-25892 post type-post status-publish format-standard has-post-thumbnail hentry category-noticias entry has-media\"><div class=\"lsow-project-image\"><a href=\"https:\/\/turismo.elejido.es\/index.php\/el-ejido-entrega-24-distinciones-sicted-y-el-premio-al-merito-turistico-a-golf-almerimar\/\" target=\"_self\"><img loading=\"lazy\" decoding=\"async\" width=\"500\" height=\"333\" src=\"https:\/\/turismo.elejido.es\/wp-content\/uploads\/2026\/04\/sicted-2026-500x333.jpg\" class=\"attachment-awb_sm size-awb_sm wp-post-image\" alt=\"\" srcset=\"https:\/\/turismo.elejido.es\/wp-content\/uploads\/2026\/04\/sicted-2026-500x333.jpg 500w, https:\/\/turismo.elejido.es\/wp-content\/uploads\/2026\/04\/sicted-2026-1620x1080.jpg 1620w, https:\/\/turismo.elejido.es\/wp-content\/uploads\/2026\/04\/sicted-2026-768x512.jpg 768w, https:\/\/turismo.elejido.es\/wp-content\/uploads\/2026\/04\/sicted-2026-391x260.jpg 391w, https:\/\/turismo.elejido.es\/wp-content\/uploads\/2026\/04\/sicted-2026-1536x1024.jpg 1536w, https:\/\/turismo.elejido.es\/wp-content\/uploads\/2026\/04\/sicted-2026-2048x1366.jpg 2048w, https:\/\/turismo.elejido.es\/wp-content\/uploads\/2026\/04\/sicted-2026-1200x800.jpg 1200w, https:\/\/turismo.elejido.es\/wp-content\/uploads\/2026\/04\/sicted-2026-800x533.jpg 800w, https:\/\/turismo.elejido.es\/wp-content\/uploads\/2026\/04\/sicted-2026-1280x853.jpg 1280w, https:\/\/turismo.elejido.es\/wp-content\/uploads\/2026\/04\/sicted-2026-1920x1280.jpg 1920w, https:\/\/turismo.elejido.es\/wp-content\/uploads\/2026\/04\/sicted-2026-272x182.jpg 272w\" sizes=\"auto, (max-width: 500px) 100vw, 500px\" \/><\/a><div class=\"lsow-image-info\"><div class=\"lsow-entry-info\"><h3 class=\"lsow-post-title\"><a href=\"https:\/\/turismo.elejido.es\/index.php\/el-ejido-entrega-24-distinciones-sicted-y-el-premio-al-merito-turistico-a-golf-almerimar\/\" title=\"El Ejido entrega 24 distinciones SICTED y el Premio al M\u00e9rito Tur\u00edstico a \u2018Golf Almerimar\u2019\" target=\"_self\" rel=\"bookmark\">El Ejido entrega 24 distinciones SICTED y el Premio al M\u00e9rito Tur\u00edstico a \u2018Golf Almerimar\u2019<\/a><\/h3><\/div><\/div><!-- .lsow-image-info --><\/div><div class=\"lsow-entry-text-wrap \"><h3 class=\"entry-title\"><a href=\"https:\/\/turismo.elejido.es\/index.php\/el-ejido-entrega-24-distinciones-sicted-y-el-premio-al-merito-turistico-a-golf-almerimar\/\" title=\"El Ejido entrega 24 distinciones SICTED y el Premio al M\u00e9rito Tur\u00edstico a \u2018Golf Almerimar\u2019\" target=\"_self\" rel=\"bookmark\">El Ejido entrega 24 distinciones SICTED y el Premio al M\u00e9rito Tur\u00edstico a \u2018Golf Almerimar\u2019<\/a><\/h3><\/div><\/article><!-- .hentry --><\/div><!-- .lsow-posts-carousel-item --><div data-id=\"id-25870\" class=\"lsow-posts-carousel-item\"><article id=\"post-25870\" class=\"post-25870 post type-post status-publish format-standard has-post-thumbnail hentry category-noticias entry has-media\"><div class=\"lsow-project-image\"><a href=\"https:\/\/turismo.elejido.es\/index.php\/elejido-roza-el-lleno-en-semana-santa-con-una-ocupacion-hotelera-superior-al-93\/\" target=\"_self\"><img loading=\"lazy\" decoding=\"async\" width=\"500\" height=\"500\" src=\"https:\/\/turismo.elejido.es\/wp-content\/uploads\/2026\/04\/1024-1365-noticia-hoteles-Cropped-500x500.jpg\" class=\"attachment-awb_sm size-awb_sm wp-post-image\" alt=\"\" srcset=\"https:\/\/turismo.elejido.es\/wp-content\/uploads\/2026\/04\/1024-1365-noticia-hoteles-Cropped-500x500.jpg 500w, https:\/\/turismo.elejido.es\/wp-content\/uploads\/2026\/04\/1024-1365-noticia-hoteles-Cropped-150x150.jpg 150w, https:\/\/turismo.elejido.es\/wp-content\/uploads\/2026\/04\/1024-1365-noticia-hoteles-Cropped-768x768.jpg 768w, https:\/\/turismo.elejido.es\/wp-content\/uploads\/2026\/04\/1024-1365-noticia-hoteles-Cropped-300x300.jpg 300w, https:\/\/turismo.elejido.es\/wp-content\/uploads\/2026\/04\/1024-1365-noticia-hoteles-Cropped-600x600.jpg 600w, https:\/\/turismo.elejido.es\/wp-content\/uploads\/2026\/04\/1024-1365-noticia-hoteles-Cropped-800x800.jpg 800w, https:\/\/turismo.elejido.es\/wp-content\/uploads\/2026\/04\/1024-1365-noticia-hoteles-Cropped.jpg 1024w\" sizes=\"auto, (max-width: 500px) 100vw, 500px\" \/><\/a><div class=\"lsow-image-info\"><div class=\"lsow-entry-info\"><h3 class=\"lsow-post-title\"><a href=\"https:\/\/turismo.elejido.es\/index.php\/elejido-roza-el-lleno-en-semana-santa-con-una-ocupacion-hotelera-superior-al-93\/\" title=\"El Ejido roza el lleno en Semana Santa con una ocupaci\u00f3n hotelera superior al 93%\" target=\"_self\" rel=\"bookmark\">El Ejido roza el lleno en Semana Santa con una ocupaci\u00f3n hotelera superior al 93%<\/a><\/h3><\/div><\/div><!-- .lsow-image-info --><\/div><div class=\"lsow-entry-text-wrap \"><h3 class=\"entry-title\"><a href=\"https:\/\/turismo.elejido.es\/index.php\/elejido-roza-el-lleno-en-semana-santa-con-una-ocupacion-hotelera-superior-al-93\/\" title=\"El Ejido roza el lleno en Semana Santa con una ocupaci\u00f3n hotelera superior al 93%\" target=\"_self\" rel=\"bookmark\">El Ejido roza el lleno en Semana Santa con una ocupaci\u00f3n hotelera superior al 93%<\/a><\/h3><\/div><\/article><!-- .hentry --><\/div><!-- .lsow-posts-carousel-item --><div data-id=\"id-25867\" class=\"lsow-posts-carousel-item\"><article id=\"post-25867\" class=\"post-25867 post type-post status-publish format-standard has-post-thumbnail hentry category-noticias entry has-media\"><div class=\"lsow-project-image\"><a href=\"https:\/\/turismo.elejido.es\/index.php\/un-taller-sobre-cetaceos-tiburones-y-tortugas-marinas-acerca-la-riqueza-marina-de-la-costa-ejidense-y-la-importancia-de-cuidar-el-ecosistema-marino-a-los-mas-pequenos\/\" target=\"_self\"><img loading=\"lazy\" decoding=\"async\" width=\"500\" height=\"500\" src=\"https:\/\/turismo.elejido.es\/wp-content\/uploads\/2026\/04\/260404-TALLER-DE-CETACEOS-TIBURONES-Y-TORTUGAS-MARINAS-4-Cropped-1-1-500x500.jpg\" class=\"attachment-awb_sm size-awb_sm wp-post-image\" alt=\"\" srcset=\"https:\/\/turismo.elejido.es\/wp-content\/uploads\/2026\/04\/260404-TALLER-DE-CETACEOS-TIBURONES-Y-TORTUGAS-MARINAS-4-Cropped-1-1-500x500.jpg 500w, https:\/\/turismo.elejido.es\/wp-content\/uploads\/2026\/04\/260404-TALLER-DE-CETACEOS-TIBURONES-Y-TORTUGAS-MARINAS-4-Cropped-1-1-1080x1080.jpg 1080w, https:\/\/turismo.elejido.es\/wp-content\/uploads\/2026\/04\/260404-TALLER-DE-CETACEOS-TIBURONES-Y-TORTUGAS-MARINAS-4-Cropped-1-1-150x150.jpg 150w, https:\/\/turismo.elejido.es\/wp-content\/uploads\/2026\/04\/260404-TALLER-DE-CETACEOS-TIBURONES-Y-TORTUGAS-MARINAS-4-Cropped-1-1-768x768.jpg 768w, https:\/\/turismo.elejido.es\/wp-content\/uploads\/2026\/04\/260404-TALLER-DE-CETACEOS-TIBURONES-Y-TORTUGAS-MARINAS-4-Cropped-1-1-300x300.jpg 300w, https:\/\/turismo.elejido.es\/wp-content\/uploads\/2026\/04\/260404-TALLER-DE-CETACEOS-TIBURONES-Y-TORTUGAS-MARINAS-4-Cropped-1-1-1536x1536.jpg 1536w, https:\/\/turismo.elejido.es\/wp-content\/uploads\/2026\/04\/260404-TALLER-DE-CETACEOS-TIBURONES-Y-TORTUGAS-MARINAS-4-Cropped-1-1-2048x2048.jpg 2048w, https:\/\/turismo.elejido.es\/wp-content\/uploads\/2026\/04\/260404-TALLER-DE-CETACEOS-TIBURONES-Y-TORTUGAS-MARINAS-4-Cropped-1-1-600x600.jpg 600w, https:\/\/turismo.elejido.es\/wp-content\/uploads\/2026\/04\/260404-TALLER-DE-CETACEOS-TIBURONES-Y-TORTUGAS-MARINAS-4-Cropped-1-1-800x800.jpg 800w, https:\/\/turismo.elejido.es\/wp-content\/uploads\/2026\/04\/260404-TALLER-DE-CETACEOS-TIBURONES-Y-TORTUGAS-MARINAS-4-Cropped-1-1-1280x1280.jpg 1280w, https:\/\/turismo.elejido.es\/wp-content\/uploads\/2026\/04\/260404-TALLER-DE-CETACEOS-TIBURONES-Y-TORTUGAS-MARINAS-4-Cropped-1-1-1920x1920.jpg 1920w\" sizes=\"auto, (max-width: 500px) 100vw, 500px\" \/><\/a><div class=\"lsow-image-info\"><div class=\"lsow-entry-info\"><h3 class=\"lsow-post-title\"><a href=\"https:\/\/turismo.elejido.es\/index.php\/un-taller-sobre-cetaceos-tiburones-y-tortugas-marinas-acerca-la-riqueza-marina-de-la-costa-ejidense-y-la-importancia-de-cuidar-el-ecosistema-marino-a-los-mas-pequenos\/\" title=\"Un taller sobre cet\u00e1ceos, tiburones y tortugas marinas acerca la riqueza marina de la costa ejidense y la importancia de cuidar el ecosistema marino a los m\u00e1s peque\u00f1os\" target=\"_self\" rel=\"bookmark\">Un taller sobre cet\u00e1ceos, tiburones y tortugas marinas acerca la riqueza marina de la costa ejidense y la importancia de cuidar el ecosistema marino a los m\u00e1s peque\u00f1os<\/a><\/h3><\/div><\/div><!-- .lsow-image-info --><\/div><div class=\"lsow-entry-text-wrap \"><h3 class=\"entry-title\"><a href=\"https:\/\/turismo.elejido.es\/index.php\/un-taller-sobre-cetaceos-tiburones-y-tortugas-marinas-acerca-la-riqueza-marina-de-la-costa-ejidense-y-la-importancia-de-cuidar-el-ecosistema-marino-a-los-mas-pequenos\/\" title=\"Un taller sobre cet\u00e1ceos, tiburones y tortugas marinas acerca la riqueza marina de la costa ejidense y la importancia de cuidar el ecosistema marino a los m\u00e1s peque\u00f1os\" target=\"_self\" rel=\"bookmark\">Un taller sobre cet\u00e1ceos, tiburones y tortugas marinas acerca la riqueza marina de la costa ejidense y la importancia de cuidar el ecosistema marino a los m\u00e1s peque\u00f1os<\/a><\/h3><\/div><\/article><!-- .hentry --><\/div><!-- .lsow-posts-carousel-item --><div data-id=\"id-25647\" class=\"lsow-posts-carousel-item\"><article id=\"post-25647\" class=\"post-25647 post type-post status-publish format-standard has-post-thumbnail hentry category-noticias entry has-media\"><div class=\"lsow-project-image\"><a href=\"https:\/\/turismo.elejido.es\/index.php\/una-decena-de-alumnos-de-francia-visitan-el-ejido-en-el-marco-del-programa-erasmus-en-el-que-participa-el-ies-murgi\/\" target=\"_self\"><img loading=\"lazy\" decoding=\"async\" width=\"500\" height=\"500\" src=\"https:\/\/turismo.elejido.es\/wp-content\/uploads\/2026\/03\/noticia-Cropped-1-500x500.jpg\" class=\"attachment-awb_sm size-awb_sm wp-post-image\" alt=\"\" srcset=\"https:\/\/turismo.elejido.es\/wp-content\/uploads\/2026\/03\/noticia-Cropped-1-500x500.jpg 500w, https:\/\/turismo.elejido.es\/wp-content\/uploads\/2026\/03\/noticia-Cropped-1-1080x1080.jpg 1080w, https:\/\/turismo.elejido.es\/wp-content\/uploads\/2026\/03\/noticia-Cropped-1-150x150.jpg 150w, https:\/\/turismo.elejido.es\/wp-content\/uploads\/2026\/03\/noticia-Cropped-1-768x768.jpg 768w, https:\/\/turismo.elejido.es\/wp-content\/uploads\/2026\/03\/noticia-Cropped-1-300x300.jpg 300w, https:\/\/turismo.elejido.es\/wp-content\/uploads\/2026\/03\/noticia-Cropped-1-1536x1536.jpg 1536w, https:\/\/turismo.elejido.es\/wp-content\/uploads\/2026\/03\/noticia-Cropped-1-800x800.jpg 800w, https:\/\/turismo.elejido.es\/wp-content\/uploads\/2026\/03\/noticia-Cropped-1-1280x1280.jpg 1280w, https:\/\/turismo.elejido.es\/wp-content\/uploads\/2026\/03\/noticia-Cropped-1-600x600.jpg 600w, https:\/\/turismo.elejido.es\/wp-content\/uploads\/2026\/03\/noticia-Cropped-1.jpg 1728w\" sizes=\"auto, (max-width: 500px) 100vw, 500px\" \/><\/a><div class=\"lsow-image-info\"><div class=\"lsow-entry-info\"><h3 class=\"lsow-post-title\"><a href=\"https:\/\/turismo.elejido.es\/index.php\/una-decena-de-alumnos-de-francia-visitan-el-ejido-en-el-marco-del-programa-erasmus-en-el-que-participa-el-ies-murgi\/\" title=\"Una decena de alumnos de Francia visitan El Ejido en el marco del programa Erasmus+ en el que participa el IES Murgi\" target=\"_self\" rel=\"bookmark\">Una decena de alumnos de Francia visitan El Ejido en el marco del programa Erasmus+ en el que participa el IES Murgi<\/a><\/h3><\/div><\/div><!-- .lsow-image-info --><\/div><div class=\"lsow-entry-text-wrap \"><h3 class=\"entry-title\"><a href=\"https:\/\/turismo.elejido.es\/index.php\/una-decena-de-alumnos-de-francia-visitan-el-ejido-en-el-marco-del-programa-erasmus-en-el-que-participa-el-ies-murgi\/\" title=\"Una decena de alumnos de Francia visitan El Ejido en el marco del programa Erasmus+ en el que participa el IES Murgi\" target=\"_self\" rel=\"bookmark\">Una decena de alumnos de Francia visitan El Ejido en el marco del programa Erasmus+ en el que participa el IES Murgi<\/a><\/h3><\/div><\/article><!-- .hentry --><\/div><!-- .lsow-posts-carousel-item --><div data-id=\"id-25422\" class=\"lsow-posts-carousel-item\"><article id=\"post-25422\" class=\"post-25422 post type-post status-publish format-standard has-post-thumbnail hentry category-noticias entry has-media\"><div class=\"lsow-project-image\"><a href=\"https:\/\/turismo.elejido.es\/index.php\/bodeboka-casa-raquel-y-da-toto-se-proclaman-ganadores-del-ii-viaje-gastronomico-de-la-naturaleza-al-plato\/\" target=\"_self\"><img loading=\"lazy\" decoding=\"async\" width=\"500\" height=\"500\" src=\"https:\/\/turismo.elejido.es\/wp-content\/uploads\/2025\/12\/251128-CLAUSURA-VIAJE-GASTRONOMICO-5-500x500.jpg\" class=\"attachment-awb_sm size-awb_sm wp-post-image\" alt=\"\" srcset=\"https:\/\/turismo.elejido.es\/wp-content\/uploads\/2025\/12\/251128-CLAUSURA-VIAJE-GASTRONOMICO-5-500x500.jpg 500w, https:\/\/turismo.elejido.es\/wp-content\/uploads\/2025\/12\/251128-CLAUSURA-VIAJE-GASTRONOMICO-5-1080x1080.jpg 1080w, https:\/\/turismo.elejido.es\/wp-content\/uploads\/2025\/12\/251128-CLAUSURA-VIAJE-GASTRONOMICO-5-150x150.jpg 150w, https:\/\/turismo.elejido.es\/wp-content\/uploads\/2025\/12\/251128-CLAUSURA-VIAJE-GASTRONOMICO-5-768x768.jpg 768w, https:\/\/turismo.elejido.es\/wp-content\/uploads\/2025\/12\/251128-CLAUSURA-VIAJE-GASTRONOMICO-5-300x300.jpg 300w, https:\/\/turismo.elejido.es\/wp-content\/uploads\/2025\/12\/251128-CLAUSURA-VIAJE-GASTRONOMICO-5-1536x1536.jpg 1536w, https:\/\/turismo.elejido.es\/wp-content\/uploads\/2025\/12\/251128-CLAUSURA-VIAJE-GASTRONOMICO-5-2048x2048.jpg 2048w, https:\/\/turismo.elejido.es\/wp-content\/uploads\/2025\/12\/251128-CLAUSURA-VIAJE-GASTRONOMICO-5-800x800.jpg 800w, https:\/\/turismo.elejido.es\/wp-content\/uploads\/2025\/12\/251128-CLAUSURA-VIAJE-GASTRONOMICO-5-1280x1280.jpg 1280w, https:\/\/turismo.elejido.es\/wp-content\/uploads\/2025\/12\/251128-CLAUSURA-VIAJE-GASTRONOMICO-5-1920x1920.jpg 1920w, https:\/\/turismo.elejido.es\/wp-content\/uploads\/2025\/12\/251128-CLAUSURA-VIAJE-GASTRONOMICO-5-600x600.jpg 600w\" sizes=\"auto, (max-width: 500px) 100vw, 500px\" \/><\/a><div class=\"lsow-image-info\"><div class=\"lsow-entry-info\"><h3 class=\"lsow-post-title\"><a href=\"https:\/\/turismo.elejido.es\/index.php\/bodeboka-casa-raquel-y-da-toto-se-proclaman-ganadores-del-ii-viaje-gastronomico-de-la-naturaleza-al-plato\/\" title=\"Bodeboka, Casa Raquel y Da Tot\u00f3 se proclaman ganadores del II Viaje Gastron\u00f3mico \u2018De la Naturaleza al Plato\u2019\" target=\"_self\" rel=\"bookmark\">Bodeboka, Casa Raquel y Da Tot\u00f3 se proclaman ganadores del II Viaje Gastron\u00f3mico \u2018De la Naturaleza al Plato\u2019<\/a><\/h3><\/div><\/div><!-- .lsow-image-info --><\/div><div class=\"lsow-entry-text-wrap \"><h3 class=\"entry-title\"><a href=\"https:\/\/turismo.elejido.es\/index.php\/bodeboka-casa-raquel-y-da-toto-se-proclaman-ganadores-del-ii-viaje-gastronomico-de-la-naturaleza-al-plato\/\" title=\"Bodeboka, Casa Raquel y Da Tot\u00f3 se proclaman ganadores del II Viaje Gastron\u00f3mico \u2018De la Naturaleza al Plato\u2019\" target=\"_self\" rel=\"bookmark\">Bodeboka, Casa Raquel y Da Tot\u00f3 se proclaman ganadores del II Viaje Gastron\u00f3mico \u2018De la Naturaleza al Plato\u2019<\/a><\/h3><\/div><\/article><!-- .hentry --><\/div><!-- .lsow-posts-carousel-item --><div data-id=\"id-25402\" class=\"lsow-posts-carousel-item\"><article id=\"post-25402\" class=\"post-25402 post type-post status-publish format-standard has-post-thumbnail hentry category-noticias entry has-media\"><div class=\"lsow-project-image\"><a href=\"https:\/\/turismo.elejido.es\/index.php\/55-empresas-del-municipio-solicitan-la-renovacion-de-su-certificado-de-calidad-sicted\/\" target=\"_self\"><img loading=\"lazy\" decoding=\"async\" width=\"500\" height=\"500\" src=\"https:\/\/turismo.elejido.es\/wp-content\/uploads\/2025\/11\/251117-MESA-CALIDAD-SICTED-7-500x500.jpg\" class=\"attachment-awb_sm size-awb_sm wp-post-image\" alt=\"\" srcset=\"https:\/\/turismo.elejido.es\/wp-content\/uploads\/2025\/11\/251117-MESA-CALIDAD-SICTED-7-500x500.jpg 500w, https:\/\/turismo.elejido.es\/wp-content\/uploads\/2025\/11\/251117-MESA-CALIDAD-SICTED-7-1080x1080.jpg 1080w, https:\/\/turismo.elejido.es\/wp-content\/uploads\/2025\/11\/251117-MESA-CALIDAD-SICTED-7-150x150.jpg 150w, https:\/\/turismo.elejido.es\/wp-content\/uploads\/2025\/11\/251117-MESA-CALIDAD-SICTED-7-768x768.jpg 768w, https:\/\/turismo.elejido.es\/wp-content\/uploads\/2025\/11\/251117-MESA-CALIDAD-SICTED-7-300x300.jpg 300w, https:\/\/turismo.elejido.es\/wp-content\/uploads\/2025\/11\/251117-MESA-CALIDAD-SICTED-7-1536x1536.jpg 1536w, https:\/\/turismo.elejido.es\/wp-content\/uploads\/2025\/11\/251117-MESA-CALIDAD-SICTED-7-2048x2048.jpg 2048w, https:\/\/turismo.elejido.es\/wp-content\/uploads\/2025\/11\/251117-MESA-CALIDAD-SICTED-7-800x800.jpg 800w, https:\/\/turismo.elejido.es\/wp-content\/uploads\/2025\/11\/251117-MESA-CALIDAD-SICTED-7-1280x1280.jpg 1280w, https:\/\/turismo.elejido.es\/wp-content\/uploads\/2025\/11\/251117-MESA-CALIDAD-SICTED-7-1920x1920.jpg 1920w, https:\/\/turismo.elejido.es\/wp-content\/uploads\/2025\/11\/251117-MESA-CALIDAD-SICTED-7-600x600.jpg 600w\" sizes=\"auto, (max-width: 500px) 100vw, 500px\" \/><\/a><div class=\"lsow-image-info\"><div class=\"lsow-entry-info\"><h3 class=\"lsow-post-title\"><a href=\"https:\/\/turismo.elejido.es\/index.php\/55-empresas-del-municipio-solicitan-la-renovacion-de-su-certificado-de-calidad-sicted\/\" title=\"55 empresas del municipio solicitan la renovaci\u00f3n de su certificado de calidad SICTED\" target=\"_self\" rel=\"bookmark\">55 empresas del municipio solicitan la renovaci\u00f3n de su certificado de calidad SICTED<\/a><\/h3><\/div><\/div><!-- .lsow-image-info --><\/div><div class=\"lsow-entry-text-wrap \"><h3 class=\"entry-title\"><a href=\"https:\/\/turismo.elejido.es\/index.php\/55-empresas-del-municipio-solicitan-la-renovacion-de-su-certificado-de-calidad-sicted\/\" title=\"55 empresas del municipio solicitan la renovaci\u00f3n de su certificado de calidad SICTED\" target=\"_self\" rel=\"bookmark\">55 empresas del municipio solicitan la renovaci\u00f3n de su certificado de calidad SICTED<\/a><\/h3><\/div><\/article><!-- .hentry --><\/div><!-- .lsow-posts-carousel-item --><div data-id=\"id-25389\" class=\"lsow-posts-carousel-item\"><article id=\"post-25389\" class=\"post-25389 post type-post status-publish format-standard has-post-thumbnail hentry category-noticias entry has-media\"><div class=\"lsow-project-image\"><a href=\"https:\/\/turismo.elejido.es\/index.php\/arranca-el-ii-viaje-gastronomico-de-la-naturaleza-al-plato-que-recorrera-el-corazon-de-la-cocina-ejidense-conquistando-con-los-cinco-sentidos\/\" target=\"_self\"><img loading=\"lazy\" decoding=\"async\" width=\"500\" height=\"500\" src=\"https:\/\/turismo.elejido.es\/wp-content\/uploads\/2025\/11\/251114-INAUGURACION-VIAJE-GASTRONOMICO-2-500x500.jpg\" class=\"attachment-awb_sm size-awb_sm wp-post-image\" alt=\"\" srcset=\"https:\/\/turismo.elejido.es\/wp-content\/uploads\/2025\/11\/251114-INAUGURACION-VIAJE-GASTRONOMICO-2-500x500.jpg 500w, https:\/\/turismo.elejido.es\/wp-content\/uploads\/2025\/11\/251114-INAUGURACION-VIAJE-GASTRONOMICO-2-1080x1080.jpg 1080w, https:\/\/turismo.elejido.es\/wp-content\/uploads\/2025\/11\/251114-INAUGURACION-VIAJE-GASTRONOMICO-2-150x150.jpg 150w, https:\/\/turismo.elejido.es\/wp-content\/uploads\/2025\/11\/251114-INAUGURACION-VIAJE-GASTRONOMICO-2-768x768.jpg 768w, https:\/\/turismo.elejido.es\/wp-content\/uploads\/2025\/11\/251114-INAUGURACION-VIAJE-GASTRONOMICO-2-300x300.jpg 300w, https:\/\/turismo.elejido.es\/wp-content\/uploads\/2025\/11\/251114-INAUGURACION-VIAJE-GASTRONOMICO-2-1536x1536.jpg 1536w, https:\/\/turismo.elejido.es\/wp-content\/uploads\/2025\/11\/251114-INAUGURACION-VIAJE-GASTRONOMICO-2-2048x2048.jpg 2048w, https:\/\/turismo.elejido.es\/wp-content\/uploads\/2025\/11\/251114-INAUGURACION-VIAJE-GASTRONOMICO-2-800x800.jpg 800w, https:\/\/turismo.elejido.es\/wp-content\/uploads\/2025\/11\/251114-INAUGURACION-VIAJE-GASTRONOMICO-2-1280x1280.jpg 1280w, https:\/\/turismo.elejido.es\/wp-content\/uploads\/2025\/11\/251114-INAUGURACION-VIAJE-GASTRONOMICO-2-1920x1920.jpg 1920w, https:\/\/turismo.elejido.es\/wp-content\/uploads\/2025\/11\/251114-INAUGURACION-VIAJE-GASTRONOMICO-2-600x600.jpg 600w\" sizes=\"auto, (max-width: 500px) 100vw, 500px\" \/><\/a><div class=\"lsow-image-info\"><div class=\"lsow-entry-info\"><h3 class=\"lsow-post-title\"><a href=\"https:\/\/turismo.elejido.es\/index.php\/arranca-el-ii-viaje-gastronomico-de-la-naturaleza-al-plato-que-recorrera-el-corazon-de-la-cocina-ejidense-conquistando-con-los-cinco-sentidos\/\" title=\"Arranca el II viaje gastron\u00f3mico \u2018De la Naturaleza al Plato\u2019 que recorrer\u00e1 el coraz\u00f3n de la cocina ejidense conquistando con los cinco sentidos\" target=\"_self\" rel=\"bookmark\">Arranca el II viaje gastron\u00f3mico \u2018De la Naturaleza al Plato\u2019 que recorrer\u00e1 el coraz\u00f3n de la cocina ejidense conquistando con los cinco sentidos<\/a><\/h3><\/div><\/div><!-- .lsow-image-info --><\/div><div class=\"lsow-entry-text-wrap \"><h3 class=\"entry-title\"><a href=\"https:\/\/turismo.elejido.es\/index.php\/arranca-el-ii-viaje-gastronomico-de-la-naturaleza-al-plato-que-recorrera-el-corazon-de-la-cocina-ejidense-conquistando-con-los-cinco-sentidos\/\" title=\"Arranca el II viaje gastron\u00f3mico \u2018De la Naturaleza al Plato\u2019 que recorrer\u00e1 el coraz\u00f3n de la cocina ejidense conquistando con los cinco sentidos\" target=\"_self\" rel=\"bookmark\">Arranca el II viaje gastron\u00f3mico \u2018De la Naturaleza al Plato\u2019 que recorrer\u00e1 el coraz\u00f3n de la cocina ejidense conquistando con los cinco sentidos<\/a><\/h3><\/div><\/article><!-- .hentry --><\/div><!-- .lsow-posts-carousel-item --><div data-id=\"id-25321\" class=\"lsow-posts-carousel-item\"><article id=\"post-25321\" class=\"post-25321 post type-post status-publish format-standard has-post-thumbnail hentry category-noticias entry has-media\"><div class=\"lsow-project-image\"><a href=\"https:\/\/turismo.elejido.es\/index.php\/el-galeon-andalucia-echa-el-amarre-en-almerimar-y-abre-las-puertas-de-la-historia-a-la-ciudadania\/\" target=\"_self\"><img loading=\"lazy\" decoding=\"async\" width=\"500\" height=\"500\" src=\"https:\/\/turismo.elejido.es\/wp-content\/uploads\/2025\/11\/251105-GALEON-ANDALUCIA-ALMERIMAR-10-500x500.jpg\" class=\"attachment-awb_sm size-awb_sm wp-post-image\" alt=\"\" srcset=\"https:\/\/turismo.elejido.es\/wp-content\/uploads\/2025\/11\/251105-GALEON-ANDALUCIA-ALMERIMAR-10-500x500.jpg 500w, https:\/\/turismo.elejido.es\/wp-content\/uploads\/2025\/11\/251105-GALEON-ANDALUCIA-ALMERIMAR-10-1080x1080.jpg 1080w, https:\/\/turismo.elejido.es\/wp-content\/uploads\/2025\/11\/251105-GALEON-ANDALUCIA-ALMERIMAR-10-150x150.jpg 150w, https:\/\/turismo.elejido.es\/wp-content\/uploads\/2025\/11\/251105-GALEON-ANDALUCIA-ALMERIMAR-10-768x768.jpg 768w, https:\/\/turismo.elejido.es\/wp-content\/uploads\/2025\/11\/251105-GALEON-ANDALUCIA-ALMERIMAR-10-300x300.jpg 300w, https:\/\/turismo.elejido.es\/wp-content\/uploads\/2025\/11\/251105-GALEON-ANDALUCIA-ALMERIMAR-10-1536x1536.jpg 1536w, https:\/\/turismo.elejido.es\/wp-content\/uploads\/2025\/11\/251105-GALEON-ANDALUCIA-ALMERIMAR-10-2048x2048.jpg 2048w, https:\/\/turismo.elejido.es\/wp-content\/uploads\/2025\/11\/251105-GALEON-ANDALUCIA-ALMERIMAR-10-800x800.jpg 800w, https:\/\/turismo.elejido.es\/wp-content\/uploads\/2025\/11\/251105-GALEON-ANDALUCIA-ALMERIMAR-10-1280x1280.jpg 1280w, https:\/\/turismo.elejido.es\/wp-content\/uploads\/2025\/11\/251105-GALEON-ANDALUCIA-ALMERIMAR-10-1920x1920.jpg 1920w, https:\/\/turismo.elejido.es\/wp-content\/uploads\/2025\/11\/251105-GALEON-ANDALUCIA-ALMERIMAR-10-600x600.jpg 600w\" sizes=\"auto, (max-width: 500px) 100vw, 500px\" \/><\/a><div class=\"lsow-image-info\"><div class=\"lsow-entry-info\"><h3 class=\"lsow-post-title\"><a href=\"https:\/\/turismo.elejido.es\/index.php\/el-galeon-andalucia-echa-el-amarre-en-almerimar-y-abre-las-puertas-de-la-historia-a-la-ciudadania\/\" title=\"El Gale\u00f3n Andaluc\u00eda echa el amarre en Almerimar y abre las puertas de la historia a la ciudadan\u00eda\" target=\"_self\" rel=\"bookmark\">El Gale\u00f3n Andaluc\u00eda echa el amarre en Almerimar y abre las puertas de la historia a la ciudadan\u00eda<\/a><\/h3><\/div><\/div><!-- .lsow-image-info --><\/div><div class=\"lsow-entry-text-wrap \"><h3 class=\"entry-title\"><a href=\"https:\/\/turismo.elejido.es\/index.php\/el-galeon-andalucia-echa-el-amarre-en-almerimar-y-abre-las-puertas-de-la-historia-a-la-ciudadania\/\" title=\"El Gale\u00f3n Andaluc\u00eda echa el amarre en Almerimar y abre las puertas de la historia a la ciudadan\u00eda\" target=\"_self\" rel=\"bookmark\">El Gale\u00f3n Andaluc\u00eda echa el amarre en Almerimar y abre las puertas de la historia a la ciudadan\u00eda<\/a><\/h3><\/div><\/article><!-- .hentry --><\/div><!-- .lsow-posts-carousel-item --><div data-id=\"id-25316\" class=\"lsow-posts-carousel-item\"><article id=\"post-25316\" class=\"post-25316 post type-post status-publish format-standard has-post-thumbnail hentry category-noticias entry has-media\"><div class=\"lsow-project-image\"><a href=\"https:\/\/turismo.elejido.es\/index.php\/una-treintena-de-agricultores-alemanes-descubren-el-modelo-de-agricultura-y-turismo-de-el-ejido\/\" target=\"_self\"><img loading=\"lazy\" decoding=\"async\" width=\"500\" height=\"500\" src=\"https:\/\/turismo.elejido.es\/wp-content\/uploads\/2025\/11\/251104-VISITA-ALEMANES-500x500.jpg\" class=\"attachment-awb_sm size-awb_sm wp-post-image\" alt=\"\" srcset=\"https:\/\/turismo.elejido.es\/wp-content\/uploads\/2025\/11\/251104-VISITA-ALEMANES-500x500.jpg 500w, https:\/\/turismo.elejido.es\/wp-content\/uploads\/2025\/11\/251104-VISITA-ALEMANES-1080x1080.jpg 1080w, https:\/\/turismo.elejido.es\/wp-content\/uploads\/2025\/11\/251104-VISITA-ALEMANES-150x150.jpg 150w, https:\/\/turismo.elejido.es\/wp-content\/uploads\/2025\/11\/251104-VISITA-ALEMANES-768x768.jpg 768w, https:\/\/turismo.elejido.es\/wp-content\/uploads\/2025\/11\/251104-VISITA-ALEMANES-300x300.jpg 300w, https:\/\/turismo.elejido.es\/wp-content\/uploads\/2025\/11\/251104-VISITA-ALEMANES-1536x1536.jpg 1536w, https:\/\/turismo.elejido.es\/wp-content\/uploads\/2025\/11\/251104-VISITA-ALEMANES-2048x2048.jpg 2048w, https:\/\/turismo.elejido.es\/wp-content\/uploads\/2025\/11\/251104-VISITA-ALEMANES-800x800.jpg 800w, https:\/\/turismo.elejido.es\/wp-content\/uploads\/2025\/11\/251104-VISITA-ALEMANES-1280x1280.jpg 1280w, https:\/\/turismo.elejido.es\/wp-content\/uploads\/2025\/11\/251104-VISITA-ALEMANES-1920x1920.jpg 1920w, https:\/\/turismo.elejido.es\/wp-content\/uploads\/2025\/11\/251104-VISITA-ALEMANES-600x600.jpg 600w\" sizes=\"auto, (max-width: 500px) 100vw, 500px\" \/><\/a><div class=\"lsow-image-info\"><div class=\"lsow-entry-info\"><h3 class=\"lsow-post-title\"><a href=\"https:\/\/turismo.elejido.es\/index.php\/una-treintena-de-agricultores-alemanes-descubren-el-modelo-de-agricultura-y-turismo-de-el-ejido\/\" title=\"Una treintena de agricultores alemanes descubren el modelo de agricultura y turismo de El Ejido\" target=\"_self\" rel=\"bookmark\">Una treintena de agricultores alemanes descubren el modelo de agricultura y turismo de El Ejido<\/a><\/h3><\/div><\/div><!-- .lsow-image-info --><\/div><div class=\"lsow-entry-text-wrap \"><h3 class=\"entry-title\"><a href=\"https:\/\/turismo.elejido.es\/index.php\/una-treintena-de-agricultores-alemanes-descubren-el-modelo-de-agricultura-y-turismo-de-el-ejido\/\" title=\"Una treintena de agricultores alemanes descubren el modelo de agricultura y turismo de El Ejido\" target=\"_self\" rel=\"bookmark\">Una treintena de agricultores alemanes descubren el modelo de agricultura y turismo de El Ejido<\/a><\/h3><\/div><\/article><!-- .hentry --><\/div><!-- .lsow-posts-carousel-item --><\/div><!-- .lsow-posts-carousel --><\/div>\n\n\n<div style=\"height:100px\" aria-hidden=\"true\" class=\"wp-block-spacer\"><\/div>\n<\/div><\/div>\n\n\n\n<p><\/p>\n","protected":false},"excerpt":{"rendered":"<p>El alcalde ha presidido la entrega de 23 diplomas y las placas de renovaci\u00f3n y de una nueva certificaci\u00f3n que reconocen el compromiso y trabajo del sector por ganar en calidad y competitividad Para G\u00f3ngora \u201cla acreditaci\u00f3n SICTED es un reconocimiento que beneficia a la marca El Ejido, hace posible que las empresas se diferencien [&hellip;]<\/p>\n","protected":false},"author":5,"featured_media":18210,"comment_status":"closed","ping_status":"closed","sticky":false,"template":"","format":"standard","meta":{"ocean_post_layout":"","ocean_both_sidebars_style":"","ocean_both_sidebars_content_width":0,"ocean_both_sidebars_sidebars_width":0,"ocean_sidebar":"0","ocean_second_sidebar":"0","ocean_disable_margins":"enable","ocean_add_body_class":"","ocean_shortcode_before_top_bar":"","ocean_shortcode_after_top_bar":"","ocean_shortcode_before_header":"","ocean_shortcode_after_header":"","ocean_has_shortcode":"","ocean_shortcode_after_title":"","ocean_shortcode_before_footer_widgets":"","ocean_shortcode_after_footer_widgets":"","ocean_shortcode_before_footer_bottom":"","ocean_shortcode_after_footer_bottom":"","ocean_display_top_bar":"default","ocean_display_header":"default","ocean_header_style":"","ocean_center_header_left_menu":"0","ocean_custom_header_template":"0","ocean_custom_logo":0,"ocean_custom_retina_logo":0,"ocean_custom_logo_max_width":0,"ocean_custom_logo_tablet_max_width":0,"ocean_custom_logo_mobile_max_width":0,"ocean_custom_logo_max_height":0,"ocean_custom_logo_tablet_max_height":0,"ocean_custom_logo_mobile_max_height":0,"ocean_header_custom_menu":"0","ocean_menu_typo_font_family":"0","ocean_menu_typo_font_subset":"","ocean_menu_typo_font_size":0,"ocean_menu_typo_font_size_tablet":0,"ocean_menu_typo_font_size_mobile":0,"ocean_menu_typo_font_size_unit":"px","ocean_menu_typo_font_weight":"","ocean_menu_typo_font_weight_tablet":"","ocean_menu_typo_font_weight_mobile":"","ocean_menu_typo_transform":"","ocean_menu_typo_transform_tablet":"","ocean_menu_typo_transform_mobile":"","ocean_menu_typo_line_height":0,"ocean_menu_typo_line_height_tablet":0,"ocean_menu_typo_line_height_mobile":0,"ocean_menu_typo_line_height_unit":"","ocean_menu_typo_spacing":0,"ocean_menu_typo_spacing_tablet":0,"ocean_menu_typo_spacing_mobile":0,"ocean_menu_typo_spacing_unit":"","ocean_menu_link_color":"","ocean_menu_link_color_hover":"","ocean_menu_link_color_active":"","ocean_menu_link_background":"","ocean_menu_link_hover_background":"","ocean_menu_link_active_background":"","ocean_menu_social_links_bg":"","ocean_menu_social_hover_links_bg":"","ocean_menu_social_links_color":"","ocean_menu_social_hover_links_color":"","ocean_disable_title":"default","ocean_disable_heading":"default","ocean_post_title":"","ocean_post_subheading":"","ocean_post_title_style":"","ocean_post_title_background_color":"","ocean_post_title_background":0,"ocean_post_title_bg_image_position":"","ocean_post_title_bg_image_attachment":"","ocean_post_title_bg_image_repeat":"","ocean_post_title_bg_image_size":"","ocean_post_title_height":0,"ocean_post_title_bg_overlay":0.5,"ocean_post_title_bg_overlay_color":"","ocean_disable_breadcrumbs":"default","ocean_breadcrumbs_color":"","ocean_breadcrumbs_separator_color":"","ocean_breadcrumbs_links_color":"","ocean_breadcrumbs_links_hover_color":"","ocean_display_footer_widgets":"default","ocean_display_footer_bottom":"default","ocean_custom_footer_template":"0","ocean_post_oembed":"","ocean_post_self_hosted_media":"","ocean_post_video_embed":"","ocean_link_format":"","ocean_link_format_target":"self","ocean_quote_format":"","ocean_quote_format_link":"post","ocean_gallery_link_images":"off","ocean_gallery_id":[],"footnotes":""},"categories":[381],"tags":[1096],"class_list":["post-18208","post","type-post","status-publish","format-standard","has-post-thumbnail","hentry","category-noticias","tag-sicted","entry","has-media"],"yoast_head":"<!-- This site is optimized with the Yoast SEO plugin v27.4 - https:\/\/yoast.com\/product\/yoast-seo-wordpress\/ -->\n<title>El Ejido se mantiene como el segundo municipio de Andaluc\u00eda con el mayor n\u00famero de empresas y servicios tur\u00edsticos certificados con el distintivo de calidad SICTED - Turismo El Ejido<\/title>\n<meta name=\"description\" content=\"El Ejido se mantiene como el segundo municipio de Andaluc\u00eda con el mayor n\u00famero de empresas certificadas con el distintivo de calidad SICTED.\" \/>\n<meta name=\"robots\" content=\"index, follow, max-snippet:-1, max-image-preview:large, max-video-preview:-1\" \/>\n<link rel=\"canonical\" href=\"https:\/\/turismo.elejido.es\/index.php\/el-ejido-se-mantiene-como-el-segundo-municipio-de-andalucia-con-el-mayor-numero-de-empresas-y-servicios-turisticos-certificados-con-el-distintivo-de-calidad-sicted\/\" \/>\n<meta property=\"og:locale\" content=\"es_ES\" \/>\n<meta property=\"og:type\" content=\"article\" \/>\n<meta property=\"og:title\" content=\"El Ejido se mantiene como el segundo municipio de Andaluc\u00eda con el mayor n\u00famero de empresas y servicios tur\u00edsticos certificados con el distintivo de calidad SICTED - Turismo El Ejido\" \/>\n<meta property=\"og:description\" content=\"El Ejido se mantiene como el segundo municipio de Andaluc\u00eda con el mayor n\u00famero de empresas certificadas con el distintivo de calidad SICTED.\" \/>\n<meta property=\"og:url\" content=\"https:\/\/turismo.elejido.es\/index.php\/el-ejido-se-mantiene-como-el-segundo-municipio-de-andalucia-con-el-mayor-numero-de-empresas-y-servicios-turisticos-certificados-con-el-distintivo-de-calidad-sicted\/\" \/>\n<meta property=\"og:site_name\" content=\"Turismo El Ejido\" \/>\n<meta property=\"article:published_time\" content=\"2022-05-05T07:27:21+00:00\" \/>\n<meta property=\"article:modified_time\" content=\"2022-11-16T09:15:02+00:00\" \/>\n<meta property=\"og:image\" content=\"https:\/\/turismo.elejido.es\/wp-content\/uploads\/2022\/05\/220505-ENTREGA-SICTED-Cropped-scaled.jpg\" \/>\n\t<meta property=\"og:image:width\" content=\"2560\" \/>\n\t<meta property=\"og:image:height\" content=\"2560\" \/>\n\t<meta property=\"og:image:type\" content=\"image\/jpeg\" \/>\n<meta name=\"author\" content=\"Irene\" \/>\n<meta name=\"twitter:card\" content=\"summary_large_image\" \/>\n<meta name=\"twitter:label1\" content=\"Escrito por\" \/>\n\t<meta name=\"twitter:data1\" content=\"Irene\" \/>\n\t<meta name=\"twitter:label2\" content=\"Tiempo de lectura\" \/>\n\t<meta name=\"twitter:data2\" content=\"4 minutos\" \/>\n<script type=\"application\/ld+json\" class=\"yoast-schema-graph\">{\"@context\":\"https:\\\/\\\/schema.org\",\"@graph\":[{\"@type\":\"Article\",\"@id\":\"https:\\\/\\\/turismo.elejido.es\\\/index.php\\\/el-ejido-se-mantiene-como-el-segundo-municipio-de-andalucia-con-el-mayor-numero-de-empresas-y-servicios-turisticos-certificados-con-el-distintivo-de-calidad-sicted\\\/#article\",\"isPartOf\":{\"@id\":\"https:\\\/\\\/turismo.elejido.es\\\/index.php\\\/el-ejido-se-mantiene-como-el-segundo-municipio-de-andalucia-con-el-mayor-numero-de-empresas-y-servicios-turisticos-certificados-con-el-distintivo-de-calidad-sicted\\\/\"},\"author\":{\"name\":\"Irene\",\"@id\":\"https:\\\/\\\/turismo.elejido.es\\\/#\\\/schema\\\/person\\\/0e341944233e3c38c8cc13f2cb49428a\"},\"headline\":\"El Ejido se mantiene como el segundo municipio de Andaluc\u00eda con el mayor n\u00famero de empresas y servicios tur\u00edsticos certificados con el distintivo de calidad SICTED\",\"datePublished\":\"2022-05-05T07:27:21+00:00\",\"dateModified\":\"2022-11-16T09:15:02+00:00\",\"mainEntityOfPage\":{\"@id\":\"https:\\\/\\\/turismo.elejido.es\\\/index.php\\\/el-ejido-se-mantiene-como-el-segundo-municipio-de-andalucia-con-el-mayor-numero-de-empresas-y-servicios-turisticos-certificados-con-el-distintivo-de-calidad-sicted\\\/\"},\"wordCount\":896,\"publisher\":{\"@id\":\"https:\\\/\\\/turismo.elejido.es\\\/#organization\"},\"image\":{\"@id\":\"https:\\\/\\\/turismo.elejido.es\\\/index.php\\\/el-ejido-se-mantiene-como-el-segundo-municipio-de-andalucia-con-el-mayor-numero-de-empresas-y-servicios-turisticos-certificados-con-el-distintivo-de-calidad-sicted\\\/#primaryimage\"},\"thumbnailUrl\":\"https:\\\/\\\/turismo.elejido.es\\\/wp-content\\\/uploads\\\/2022\\\/05\\\/220505-ENTREGA-SICTED-Cropped-scaled.jpg\",\"keywords\":[\"sicted\"],\"articleSection\":[\"Noticias\"],\"inLanguage\":\"es\"},{\"@type\":\"WebPage\",\"@id\":\"https:\\\/\\\/turismo.elejido.es\\\/index.php\\\/el-ejido-se-mantiene-como-el-segundo-municipio-de-andalucia-con-el-mayor-numero-de-empresas-y-servicios-turisticos-certificados-con-el-distintivo-de-calidad-sicted\\\/\",\"url\":\"https:\\\/\\\/turismo.elejido.es\\\/index.php\\\/el-ejido-se-mantiene-como-el-segundo-municipio-de-andalucia-con-el-mayor-numero-de-empresas-y-servicios-turisticos-certificados-con-el-distintivo-de-calidad-sicted\\\/\",\"name\":\"El Ejido se mantiene como el segundo municipio de Andaluc\u00eda con el mayor n\u00famero de empresas y servicios tur\u00edsticos certificados con el distintivo de calidad SICTED - Turismo El Ejido\",\"isPartOf\":{\"@id\":\"https:\\\/\\\/turismo.elejido.es\\\/#website\"},\"primaryImageOfPage\":{\"@id\":\"https:\\\/\\\/turismo.elejido.es\\\/index.php\\\/el-ejido-se-mantiene-como-el-segundo-municipio-de-andalucia-con-el-mayor-numero-de-empresas-y-servicios-turisticos-certificados-con-el-distintivo-de-calidad-sicted\\\/#primaryimage\"},\"image\":{\"@id\":\"https:\\\/\\\/turismo.elejido.es\\\/index.php\\\/el-ejido-se-mantiene-como-el-segundo-municipio-de-andalucia-con-el-mayor-numero-de-empresas-y-servicios-turisticos-certificados-con-el-distintivo-de-calidad-sicted\\\/#primaryimage\"},\"thumbnailUrl\":\"https:\\\/\\\/turismo.elejido.es\\\/wp-content\\\/uploads\\\/2022\\\/05\\\/220505-ENTREGA-SICTED-Cropped-scaled.jpg\",\"datePublished\":\"2022-05-05T07:27:21+00:00\",\"dateModified\":\"2022-11-16T09:15:02+00:00\",\"description\":\"El Ejido se mantiene como el segundo municipio de Andaluc\u00eda con el mayor n\u00famero de empresas certificadas con el distintivo de calidad SICTED.\",\"breadcrumb\":{\"@id\":\"https:\\\/\\\/turismo.elejido.es\\\/index.php\\\/el-ejido-se-mantiene-como-el-segundo-municipio-de-andalucia-con-el-mayor-numero-de-empresas-y-servicios-turisticos-certificados-con-el-distintivo-de-calidad-sicted\\\/#breadcrumb\"},\"inLanguage\":\"es\",\"potentialAction\":[{\"@type\":\"ReadAction\",\"target\":[\"https:\\\/\\\/turismo.elejido.es\\\/index.php\\\/el-ejido-se-mantiene-como-el-segundo-municipio-de-andalucia-con-el-mayor-numero-de-empresas-y-servicios-turisticos-certificados-con-el-distintivo-de-calidad-sicted\\\/\"]}]},{\"@type\":\"ImageObject\",\"inLanguage\":\"es\",\"@id\":\"https:\\\/\\\/turismo.elejido.es\\\/index.php\\\/el-ejido-se-mantiene-como-el-segundo-municipio-de-andalucia-con-el-mayor-numero-de-empresas-y-servicios-turisticos-certificados-con-el-distintivo-de-calidad-sicted\\\/#primaryimage\",\"url\":\"https:\\\/\\\/turismo.elejido.es\\\/wp-content\\\/uploads\\\/2022\\\/05\\\/220505-ENTREGA-SICTED-Cropped-scaled.jpg\",\"contentUrl\":\"https:\\\/\\\/turismo.elejido.es\\\/wp-content\\\/uploads\\\/2022\\\/05\\\/220505-ENTREGA-SICTED-Cropped-scaled.jpg\",\"width\":2560,\"height\":2560},{\"@type\":\"BreadcrumbList\",\"@id\":\"https:\\\/\\\/turismo.elejido.es\\\/index.php\\\/el-ejido-se-mantiene-como-el-segundo-municipio-de-andalucia-con-el-mayor-numero-de-empresas-y-servicios-turisticos-certificados-con-el-distintivo-de-calidad-sicted\\\/#breadcrumb\",\"itemListElement\":[{\"@type\":\"ListItem\",\"position\":1,\"name\":\"Inicio\",\"item\":\"https:\\\/\\\/app.elejido.es\\\/turismo\\\/\"},{\"@type\":\"ListItem\",\"position\":2,\"name\":\"Noticias\",\"item\":\"https:\\\/\\\/turismo.elejido.es\\\/index.php\\\/category\\\/noticias\\\/\"},{\"@type\":\"ListItem\",\"position\":3,\"name\":\"El Ejido se mantiene como el segundo municipio de Andaluc\u00eda con el mayor n\u00famero de empresas y servicios tur\u00edsticos certificados con el distintivo de calidad SICTED\"}]},{\"@type\":\"WebSite\",\"@id\":\"https:\\\/\\\/turismo.elejido.es\\\/#website\",\"url\":\"https:\\\/\\\/turismo.elejido.es\\\/\",\"name\":\"Turismo El Ejido\",\"description\":\"Portal Oficial de Turismo del Municipio de El Ejido, Almerimar y Balerma situado en la costa de Almer\u00eda.\",\"publisher\":{\"@id\":\"https:\\\/\\\/turismo.elejido.es\\\/#organization\"},\"potentialAction\":[{\"@type\":\"SearchAction\",\"target\":{\"@type\":\"EntryPoint\",\"urlTemplate\":\"https:\\\/\\\/turismo.elejido.es\\\/?s={search_term_string}\"},\"query-input\":{\"@type\":\"PropertyValueSpecification\",\"valueRequired\":true,\"valueName\":\"search_term_string\"}}],\"inLanguage\":\"es\"},{\"@type\":\"Organization\",\"@id\":\"https:\\\/\\\/turismo.elejido.es\\\/#organization\",\"name\":\"Turismo El Ejido\",\"url\":\"https:\\\/\\\/turismo.elejido.es\\\/\",\"logo\":{\"@type\":\"ImageObject\",\"inLanguage\":\"es\",\"@id\":\"https:\\\/\\\/turismo.elejido.es\\\/#\\\/schema\\\/logo\\\/image\\\/\",\"url\":\"https:\\\/\\\/turismo.elejido.es\\\/wp-content\\\/uploads\\\/2020\\\/12\\\/elejidoNaranja.png\",\"contentUrl\":\"https:\\\/\\\/turismo.elejido.es\\\/wp-content\\\/uploads\\\/2020\\\/12\\\/elejidoNaranja.png\",\"width\":163,\"height\":92,\"caption\":\"Turismo El Ejido\"},\"image\":{\"@id\":\"https:\\\/\\\/turismo.elejido.es\\\/#\\\/schema\\\/logo\\\/image\\\/\"}},{\"@type\":\"Person\",\"@id\":\"https:\\\/\\\/turismo.elejido.es\\\/#\\\/schema\\\/person\\\/0e341944233e3c38c8cc13f2cb49428a\",\"name\":\"Irene\",\"image\":{\"@type\":\"ImageObject\",\"inLanguage\":\"es\",\"@id\":\"https:\\\/\\\/secure.gravatar.com\\\/avatar\\\/f70eaec7b93f55470e4e8ce5de16dabe8baf318f0608def2fe88ee6229b4d6de?s=96&d=mm&r=g\",\"url\":\"https:\\\/\\\/secure.gravatar.com\\\/avatar\\\/f70eaec7b93f55470e4e8ce5de16dabe8baf318f0608def2fe88ee6229b4d6de?s=96&d=mm&r=g\",\"contentUrl\":\"https:\\\/\\\/secure.gravatar.com\\\/avatar\\\/f70eaec7b93f55470e4e8ce5de16dabe8baf318f0608def2fe88ee6229b4d6de?s=96&d=mm&r=g\",\"caption\":\"Irene\"},\"url\":\"https:\\\/\\\/turismo.elejido.es\\\/index.php\\\/author\\\/irene\\\/\"}]}<\/script>\n<!-- \/ Yoast SEO plugin. -->","yoast_head_json":{"title":"El Ejido se mantiene como el segundo municipio de Andaluc\u00eda con el mayor n\u00famero de empresas y servicios tur\u00edsticos certificados con el distintivo de calidad SICTED - Turismo El Ejido","description":"El Ejido se mantiene como el segundo municipio de Andaluc\u00eda con el mayor n\u00famero de empresas certificadas con el distintivo de calidad SICTED.","robots":{"index":"index","follow":"follow","max-snippet":"max-snippet:-1","max-image-preview":"max-image-preview:large","max-video-preview":"max-video-preview:-1"},"canonical":"https:\/\/turismo.elejido.es\/index.php\/el-ejido-se-mantiene-como-el-segundo-municipio-de-andalucia-con-el-mayor-numero-de-empresas-y-servicios-turisticos-certificados-con-el-distintivo-de-calidad-sicted\/","og_locale":"es_ES","og_type":"article","og_title":"El Ejido se mantiene como el segundo municipio de Andaluc\u00eda con el mayor n\u00famero de empresas y servicios tur\u00edsticos certificados con el distintivo de calidad SICTED - Turismo El Ejido","og_description":"El Ejido se mantiene como el segundo municipio de Andaluc\u00eda con el mayor n\u00famero de empresas certificadas con el distintivo de calidad SICTED.","og_url":"https:\/\/turismo.elejido.es\/index.php\/el-ejido-se-mantiene-como-el-segundo-municipio-de-andalucia-con-el-mayor-numero-de-empresas-y-servicios-turisticos-certificados-con-el-distintivo-de-calidad-sicted\/","og_site_name":"Turismo El Ejido","article_published_time":"2022-05-05T07:27:21+00:00","article_modified_time":"2022-11-16T09:15:02+00:00","og_image":[{"width":2560,"height":2560,"url":"https:\/\/turismo.elejido.es\/wp-content\/uploads\/2022\/05\/220505-ENTREGA-SICTED-Cropped-scaled.jpg","type":"image\/jpeg"}],"author":"Irene","twitter_card":"summary_large_image","twitter_misc":{"Escrito por":"Irene","Tiempo de lectura":"4 minutos"},"schema":{"@context":"https:\/\/schema.org","@graph":[{"@type":"Article","@id":"https:\/\/turismo.elejido.es\/index.php\/el-ejido-se-mantiene-como-el-segundo-municipio-de-andalucia-con-el-mayor-numero-de-empresas-y-servicios-turisticos-certificados-con-el-distintivo-de-calidad-sicted\/#article","isPartOf":{"@id":"https:\/\/turismo.elejido.es\/index.php\/el-ejido-se-mantiene-como-el-segundo-municipio-de-andalucia-con-el-mayor-numero-de-empresas-y-servicios-turisticos-certificados-con-el-distintivo-de-calidad-sicted\/"},"author":{"name":"Irene","@id":"https:\/\/turismo.elejido.es\/#\/schema\/person\/0e341944233e3c38c8cc13f2cb49428a"},"headline":"El Ejido se mantiene como el segundo municipio de Andaluc\u00eda con el mayor n\u00famero de empresas y servicios tur\u00edsticos certificados con el distintivo de calidad SICTED","datePublished":"2022-05-05T07:27:21+00:00","dateModified":"2022-11-16T09:15:02+00:00","mainEntityOfPage":{"@id":"https:\/\/turismo.elejido.es\/index.php\/el-ejido-se-mantiene-como-el-segundo-municipio-de-andalucia-con-el-mayor-numero-de-empresas-y-servicios-turisticos-certificados-con-el-distintivo-de-calidad-sicted\/"},"wordCount":896,"publisher":{"@id":"https:\/\/turismo.elejido.es\/#organization"},"image":{"@id":"https:\/\/turismo.elejido.es\/index.php\/el-ejido-se-mantiene-como-el-segundo-municipio-de-andalucia-con-el-mayor-numero-de-empresas-y-servicios-turisticos-certificados-con-el-distintivo-de-calidad-sicted\/#primaryimage"},"thumbnailUrl":"https:\/\/turismo.elejido.es\/wp-content\/uploads\/2022\/05\/220505-ENTREGA-SICTED-Cropped-scaled.jpg","keywords":["sicted"],"articleSection":["Noticias"],"inLanguage":"es"},{"@type":"WebPage","@id":"https:\/\/turismo.elejido.es\/index.php\/el-ejido-se-mantiene-como-el-segundo-municipio-de-andalucia-con-el-mayor-numero-de-empresas-y-servicios-turisticos-certificados-con-el-distintivo-de-calidad-sicted\/","url":"https:\/\/turismo.elejido.es\/index.php\/el-ejido-se-mantiene-como-el-segundo-municipio-de-andalucia-con-el-mayor-numero-de-empresas-y-servicios-turisticos-certificados-con-el-distintivo-de-calidad-sicted\/","name":"El Ejido se mantiene como el segundo municipio de Andaluc\u00eda con el mayor n\u00famero de empresas y servicios tur\u00edsticos certificados con el distintivo de calidad SICTED - Turismo El Ejido","isPartOf":{"@id":"https:\/\/turismo.elejido.es\/#website"},"primaryImageOfPage":{"@id":"https:\/\/turismo.elejido.es\/index.php\/el-ejido-se-mantiene-como-el-segundo-municipio-de-andalucia-con-el-mayor-numero-de-empresas-y-servicios-turisticos-certificados-con-el-distintivo-de-calidad-sicted\/#primaryimage"},"image":{"@id":"https:\/\/turismo.elejido.es\/index.php\/el-ejido-se-mantiene-como-el-segundo-municipio-de-andalucia-con-el-mayor-numero-de-empresas-y-servicios-turisticos-certificados-con-el-distintivo-de-calidad-sicted\/#primaryimage"},"thumbnailUrl":"https:\/\/turismo.elejido.es\/wp-content\/uploads\/2022\/05\/220505-ENTREGA-SICTED-Cropped-scaled.jpg","datePublished":"2022-05-05T07:27:21+00:00","dateModified":"2022-11-16T09:15:02+00:00","description":"El Ejido se mantiene como el segundo municipio de Andaluc\u00eda con el mayor n\u00famero de empresas certificadas con el distintivo de calidad SICTED.","breadcrumb":{"@id":"https:\/\/turismo.elejido.es\/index.php\/el-ejido-se-mantiene-como-el-segundo-municipio-de-andalucia-con-el-mayor-numero-de-empresas-y-servicios-turisticos-certificados-con-el-distintivo-de-calidad-sicted\/#breadcrumb"},"inLanguage":"es","potentialAction":[{"@type":"ReadAction","target":["https:\/\/turismo.elejido.es\/index.php\/el-ejido-se-mantiene-como-el-segundo-municipio-de-andalucia-con-el-mayor-numero-de-empresas-y-servicios-turisticos-certificados-con-el-distintivo-de-calidad-sicted\/"]}]},{"@type":"ImageObject","inLanguage":"es","@id":"https:\/\/turismo.elejido.es\/index.php\/el-ejido-se-mantiene-como-el-segundo-municipio-de-andalucia-con-el-mayor-numero-de-empresas-y-servicios-turisticos-certificados-con-el-distintivo-de-calidad-sicted\/#primaryimage","url":"https:\/\/turismo.elejido.es\/wp-content\/uploads\/2022\/05\/220505-ENTREGA-SICTED-Cropped-scaled.jpg","contentUrl":"https:\/\/turismo.elejido.es\/wp-content\/uploads\/2022\/05\/220505-ENTREGA-SICTED-Cropped-scaled.jpg","width":2560,"height":2560},{"@type":"BreadcrumbList","@id":"https:\/\/turismo.elejido.es\/index.php\/el-ejido-se-mantiene-como-el-segundo-municipio-de-andalucia-con-el-mayor-numero-de-empresas-y-servicios-turisticos-certificados-con-el-distintivo-de-calidad-sicted\/#breadcrumb","itemListElement":[{"@type":"ListItem","position":1,"name":"Inicio","item":"https:\/\/app.elejido.es\/turismo\/"},{"@type":"ListItem","position":2,"name":"Noticias","item":"https:\/\/turismo.elejido.es\/index.php\/category\/noticias\/"},{"@type":"ListItem","position":3,"name":"El Ejido se mantiene como el segundo municipio de Andaluc\u00eda con el mayor n\u00famero de empresas y servicios tur\u00edsticos certificados con el distintivo de calidad SICTED"}]},{"@type":"WebSite","@id":"https:\/\/turismo.elejido.es\/#website","url":"https:\/\/turismo.elejido.es\/","name":"Turismo El Ejido","description":"Portal Oficial de Turismo del Municipio de El Ejido, Almerimar y Balerma situado en la costa de Almer\u00eda.","publisher":{"@id":"https:\/\/turismo.elejido.es\/#organization"},"potentialAction":[{"@type":"SearchAction","target":{"@type":"EntryPoint","urlTemplate":"https:\/\/turismo.elejido.es\/?s={search_term_string}"},"query-input":{"@type":"PropertyValueSpecification","valueRequired":true,"valueName":"search_term_string"}}],"inLanguage":"es"},{"@type":"Organization","@id":"https:\/\/turismo.elejido.es\/#organization","name":"Turismo El Ejido","url":"https:\/\/turismo.elejido.es\/","logo":{"@type":"ImageObject","inLanguage":"es","@id":"https:\/\/turismo.elejido.es\/#\/schema\/logo\/image\/","url":"https:\/\/turismo.elejido.es\/wp-content\/uploads\/2020\/12\/elejidoNaranja.png","contentUrl":"https:\/\/turismo.elejido.es\/wp-content\/uploads\/2020\/12\/elejidoNaranja.png","width":163,"height":92,"caption":"Turismo El Ejido"},"image":{"@id":"https:\/\/turismo.elejido.es\/#\/schema\/logo\/image\/"}},{"@type":"Person","@id":"https:\/\/turismo.elejido.es\/#\/schema\/person\/0e341944233e3c38c8cc13f2cb49428a","name":"Irene","image":{"@type":"ImageObject","inLanguage":"es","@id":"https:\/\/secure.gravatar.com\/avatar\/f70eaec7b93f55470e4e8ce5de16dabe8baf318f0608def2fe88ee6229b4d6de?s=96&d=mm&r=g","url":"https:\/\/secure.gravatar.com\/avatar\/f70eaec7b93f55470e4e8ce5de16dabe8baf318f0608def2fe88ee6229b4d6de?s=96&d=mm&r=g","contentUrl":"https:\/\/secure.gravatar.com\/avatar\/f70eaec7b93f55470e4e8ce5de16dabe8baf318f0608def2fe88ee6229b4d6de?s=96&d=mm&r=g","caption":"Irene"},"url":"https:\/\/turismo.elejido.es\/index.php\/author\/irene\/"}]}},"_links":{"self":[{"href":"https:\/\/turismo.elejido.es\/index.php\/wp-json\/wp\/v2\/posts\/18208","targetHints":{"allow":["GET"]}}],"collection":[{"href":"https:\/\/turismo.elejido.es\/index.php\/wp-json\/wp\/v2\/posts"}],"about":[{"href":"https:\/\/turismo.elejido.es\/index.php\/wp-json\/wp\/v2\/types\/post"}],"author":[{"embeddable":true,"href":"https:\/\/turismo.elejido.es\/index.php\/wp-json\/wp\/v2\/users\/5"}],"replies":[{"embeddable":true,"href":"https:\/\/turismo.elejido.es\/index.php\/wp-json\/wp\/v2\/comments?post=18208"}],"version-history":[{"count":0,"href":"https:\/\/turismo.elejido.es\/index.php\/wp-json\/wp\/v2\/posts\/18208\/revisions"}],"wp:featuredmedia":[{"embeddable":true,"href":"https:\/\/turismo.elejido.es\/index.php\/wp-json\/wp\/v2\/media\/18210"}],"wp:attachment":[{"href":"https:\/\/turismo.elejido.es\/index.php\/wp-json\/wp\/v2\/media?parent=18208"}],"wp:term":[{"taxonomy":"category","embeddable":true,"href":"https:\/\/turismo.elejido.es\/index.php\/wp-json\/wp\/v2\/categories?post=18208"},{"taxonomy":"post_tag","embeddable":true,"href":"https:\/\/turismo.elejido.es\/index.php\/wp-json\/wp\/v2\/tags?post=18208"}],"curies":[{"name":"wp","href":"https:\/\/api.w.org\/{rel}","templated":true}]}}