{"id":8713,"date":"2021-02-26T14:26:58","date_gmt":"2021-02-26T13:26:58","guid":{"rendered":"https:\/\/turismo.elejido.es\/?p=8713"},"modified":"2021-05-31T12:03:54","modified_gmt":"2021-05-31T10:03:54","slug":"dream-sea","status":"publish","type":"post","link":"https:\/\/turismo.elejido.es\/index.php\/dream-sea\/","title":{"rendered":"Dream Sea"},"content":{"rendered":"\n<div class=\"wp-block-nk-awb nk-awb alturaSliderPrincipal is-layout-constrained wp-block-nk-awb-is-layout-constrained\"><div class=\"nk-awb-wrap\" data-awb-type=\"image\" data-awb-image-background-size=\"cover\" data-awb-image-background-position=\"50% 50%\" data-awb-parallax=\"scroll\" data-awb-parallax-speed=\"0.5\" data-awb-parallax-mobile=\"false\"><div class=\"nk-awb-inner\"><img loading=\"lazy\" decoding=\"async\" src=\"https:\/\/app.elejido.es\/turismo\/wp-content\/uploads\/2021\/02\/DreamSeaSpiritparallax.jpg\" class=\"wp-image-8819 jarallax-img\" width=\"1398\" height=\"650\" srcset=\"https:\/\/turismo.elejido.es\/wp-content\/uploads\/2021\/02\/DreamSeaSpiritparallax.jpg 1398w, https:\/\/turismo.elejido.es\/wp-content\/uploads\/2021\/02\/DreamSeaSpiritparallax-300x139.jpg 300w, https:\/\/turismo.elejido.es\/wp-content\/uploads\/2021\/02\/DreamSeaSpiritparallax-768x357.jpg 768w, https:\/\/turismo.elejido.es\/wp-content\/uploads\/2021\/02\/DreamSeaSpiritparallax-500x232.jpg 500w, https:\/\/turismo.elejido.es\/wp-content\/uploads\/2021\/02\/DreamSeaSpiritparallax-800x372.jpg 800w, https:\/\/turismo.elejido.es\/wp-content\/uploads\/2021\/02\/DreamSeaSpiritparallax-1280x595.jpg 1280w\" sizes=\"auto, (max-width: 1398px) 100vw, 1398px\" \/><\/div><\/div><\/div>\n\n\n\n<div style=\"height:40px\" aria-hidden=\"true\" class=\"wp-block-spacer\"><\/div>\n\n\n<div class=\"breadcrumbs align container wp-block-bcn-breadcrumb-trail has-text-color has-background\" vocab=\"https:\/\/schema.org\/\" typeof=\"BreadcrumbList\">\n\t<span><\/span>\n\t<span property=\"itemListElement\" typeof=\"ListItem\"><a property=\"item\" typeof=\"WebPage\" title=\"Ir a Turismo El Ejido.\" href=\"https:\/\/turismo.elejido.es\" class=\"home\" aria-current=\"page\"><span property=\"name\">Turismo El Ejido<\/span><\/a><meta property=\"position\" content=\"1\"><\/span><\/div>\n\n\n\n<div style=\"height:60px\" aria-hidden=\"true\" class=\"wp-block-spacer\"><\/div>\n\n\n<div id=\"pl-gb8713-69f15e36be514\"  class=\"panel-layout container\" ><div id=\"pg-gb8713-69f15e36be514-0\"  class=\"panel-grid panel-no-style\" ><div id=\"pgc-gb8713-69f15e36be514-0-0\"  class=\"panel-grid-cell\" ><div id=\"panel-gb8713-69f15e36be514-0-0-0\" class=\"widget_text so-panel widget widget_custom_html panel-first-child panel-last-child\" data-index=\"0\" ><div class=\"textwidget custom-html-widget\"><h1 style=\"display:flex;align-items:center;\">\nApartamentos Tur\u00edsticos Dream Sea\n\t<a href=\"https:\/\/app.elejido.es\/turismo\/?page_id=10969\" style=\"display:contents;\" class=\"no-lightbox\"><img decoding=\"async\" style=\"height:50px;margin-left:20px;\" src=\"https:\/\/app.elejido.es\/turismo\/wp-content\/uploads\/2021\/02\/logoSICTED.jpeg\" width=\"50px\" alt=\"Logo sicted\"><\/a>\t\n<\/h1>\n<p>\nAvenida Almerimar, 276, Bloque 11, 04711, Almerimar\n<\/p>\n<p style=\"margin-right:50px;\">\nLos apartamentos tur\u00edsticos Dream Sea se encuentran en primera l\u00ednea de playa. Disponen de 79 apartamentos de diferente capacidad totalmente equipados. El complejo cuenta con piscina, pistas de p\u00e1del, zonas ajardinadas, parque infantil y parking privado.\n<\/p>\n<\/div><\/div><\/div><div id=\"pgc-gb8713-69f15e36be514-0-1\"  class=\"panel-grid-cell\" ><div id=\"panel-gb8713-69f15e36be514-0-1-0\" class=\"widget_text so-panel widget widget_custom_html panel-first-child panel-last-child\" data-index=\"1\" ><div class=\"textwidget custom-html-widget\"><div class=\"botonesEntradas\">\n\t<div>\n\t\t<a href=\"https:\/\/apartamentosdreamsea.com\/\" target=\"_blank\" ><span>Web<\/span><\/a>\n\t<\/div>\n\t<div>\n\t\t\t<a href=\"tel:+34950569244\"><span>950 49 70 50<\/span><\/a>\t\n\t<\/div>\n<\/div><\/div><\/div><\/div><\/div><\/div>\n\n\n<div style=\"height:50px\" aria-hidden=\"true\" class=\"wp-block-spacer\"><\/div>\n\n\n\n<div class=\"wp-block-group container\"><div class=\"wp-block-group__inner-container is-layout-flow wp-block-group-is-layout-flow\">\n<iframe src=\"https:\/\/www.google.com\/maps\/embed?pb=!1m18!1m12!1m3!1d3199.236737950788!2d-2.783306784356894!3d36.69284867997081!2m3!1f0!2f0!3f0!3m2!1i1024!2i768!4f13.1!3m3!1m2!1s0xd705d88e348d5ab%3A0xef0322aa5f824bdb!2sApartamentos%20Dream%20Sea!5e0!3m2!1ses-419!2ses!4v1614346546526!5m2!1ses-419!2ses\" width=\"600\" height=\"450\" style=\"border:0;\" allowfullscreen=\"\" loading=\"lazy\"><\/iframe>\n\n\n\n<div style=\"height:75px\" aria-hidden=\"true\" class=\"wp-block-spacer\"><\/div>\n\n\n\n<h2 class=\"has-text-align-center wp-block-heading\">Alojamientos Similares<\/h2>\n\n\n\n<div style=\"text-align: center\"><a href=\"https:\/\/app.elejido.es\/turismo\/?category_name=alojamientos\">Ver todo<\/a><\/div>\n\n\n\n<div style=\"height:20px\" aria-hidden=\"true\" class=\"wp-block-spacer\"><\/div>\n\n\n<div\n\t\t\t\n\t\t\tclass=\"so-widget-lsow-posts-carousel so-widget-lsow-posts-carousel-default-3dd089290af6\"\n\t\t\t\n\t\t><div id=\"lsow-posts-carousel-69f15e36c6207\" class=\"lsow-posts-carousel lsow-container\" data-settings='{\"arrows\":true,\"dots\":false,\"autoplay\":false,\"autoplay_speed\":3000,\"animation_speed\":300,\"pause_on_hover\":true,\"display_columns\":3,\"scroll_columns\":3,\"gutter\":10,\"so_field_container_state\":\"open\",\"customize\":\"\",\"tablet_width\":800,\"tablet_display_columns\":2,\"tablet_scroll_columns\":1,\"mobile_width\":480,\"mobile_display_columns\":1,\"mobile_scroll_columns\":1}'><div data-id=\"id-8702\" class=\"lsow-posts-carousel-item\"><article id=\"post-8702\" class=\"post-8702 post type-post status-publish format-standard has-post-thumbnail hentry category-alojamientos tag-camping tag-playa entry has-media\"><div class=\"lsow-project-image\"><a href=\"https:\/\/turismo.elejido.es\/index.php\/camping-mar-azul\/\" target=\"_self\"><img loading=\"lazy\" decoding=\"async\" width=\"500\" height=\"499\" src=\"https:\/\/turismo.elejido.es\/wp-content\/uploads\/2021\/02\/Camping-Balerma-Mar-Azul-piscina-portada.jpg\" class=\"attachment-awb_sm size-awb_sm wp-post-image\" alt=\"\" srcset=\"https:\/\/turismo.elejido.es\/wp-content\/uploads\/2021\/02\/Camping-Balerma-Mar-Azul-piscina-portada.jpg 500w, https:\/\/turismo.elejido.es\/wp-content\/uploads\/2021\/02\/Camping-Balerma-Mar-Azul-piscina-portada-300x300.jpg 300w, https:\/\/turismo.elejido.es\/wp-content\/uploads\/2021\/02\/Camping-Balerma-Mar-Azul-piscina-portada-150x150.jpg 150w\" sizes=\"auto, (max-width: 500px) 100vw, 500px\" \/><\/a><div class=\"lsow-image-info\"><div class=\"lsow-entry-info\"><h3 class=\"lsow-post-title\"><a href=\"https:\/\/turismo.elejido.es\/index.php\/camping-mar-azul\/\" title=\"Camping Mar Azul Balerma\" target=\"_self\" rel=\"bookmark\">Camping Mar Azul Balerma<\/a><\/h3><\/div><\/div><!-- .lsow-image-info --><\/div><div class=\"lsow-entry-text-wrap \"><h3 class=\"entry-title\"><a href=\"https:\/\/turismo.elejido.es\/index.php\/camping-mar-azul\/\" title=\"Camping Mar Azul Balerma\" target=\"_self\" rel=\"bookmark\">Camping Mar Azul Balerma<\/a><\/h3><\/div><\/article><!-- .hentry --><\/div><!-- .lsow-posts-carousel-item --><div data-id=\"id-8898\" class=\"lsow-posts-carousel-item\"><article id=\"post-8898\" class=\"post-8898 post type-post status-publish format-standard has-post-thumbnail hentry category-alojamientos tag-1-estrellas tag-ciudad tag-hostal entry has-media\"><div class=\"lsow-project-image\"><a href=\"https:\/\/turismo.elejido.es\/index.php\/truck-stop-el-ejido\/\" target=\"_self\"><img loading=\"lazy\" decoding=\"async\" width=\"500\" height=\"500\" src=\"https:\/\/turismo.elejido.es\/wp-content\/uploads\/2021\/03\/truckstopelejidoportada.jpg\" class=\"attachment-awb_sm size-awb_sm wp-post-image\" alt=\"\" srcset=\"https:\/\/turismo.elejido.es\/wp-content\/uploads\/2021\/03\/truckstopelejidoportada.jpg 500w, https:\/\/turismo.elejido.es\/wp-content\/uploads\/2021\/03\/truckstopelejidoportada-300x300.jpg 300w, https:\/\/turismo.elejido.es\/wp-content\/uploads\/2021\/03\/truckstopelejidoportada-150x150.jpg 150w\" sizes=\"auto, (max-width: 500px) 100vw, 500px\" \/><\/a><div class=\"lsow-image-info\"><div class=\"lsow-entry-info\"><h3 class=\"lsow-post-title\"><a href=\"https:\/\/turismo.elejido.es\/index.php\/truck-stop-el-ejido\/\" title=\"Truck Stop El Ejido\" target=\"_self\" rel=\"bookmark\">Truck Stop El Ejido<\/a><\/h3><\/div><\/div><!-- .lsow-image-info --><\/div><div class=\"lsow-entry-text-wrap \"><h3 class=\"entry-title\"><a href=\"https:\/\/turismo.elejido.es\/index.php\/truck-stop-el-ejido\/\" title=\"Truck Stop El Ejido\" target=\"_self\" rel=\"bookmark\">Truck Stop El Ejido<\/a><\/h3><\/div><\/article><!-- .hentry --><\/div><!-- .lsow-posts-carousel-item --><div data-id=\"id-8869\" class=\"lsow-posts-carousel-item\"><article id=\"post-8869\" class=\"post-8869 post type-post status-publish format-standard has-post-thumbnail hentry category-alojamientos tag-1-estrellas tag-ciudad tag-hostal entry has-media\"><div class=\"lsow-project-image\"><a href=\"https:\/\/turismo.elejido.es\/index.php\/hostal-trevelez\/\" target=\"_self\"><img loading=\"lazy\" decoding=\"async\" width=\"500\" height=\"498\" src=\"https:\/\/turismo.elejido.es\/wp-content\/uploads\/2021\/03\/hostatrevelezportada.jpg\" class=\"attachment-awb_sm size-awb_sm wp-post-image\" alt=\"\" srcset=\"https:\/\/turismo.elejido.es\/wp-content\/uploads\/2021\/03\/hostatrevelezportada.jpg 500w, https:\/\/turismo.elejido.es\/wp-content\/uploads\/2021\/03\/hostatrevelezportada-300x300.jpg 300w, https:\/\/turismo.elejido.es\/wp-content\/uploads\/2021\/03\/hostatrevelezportada-150x150.jpg 150w\" sizes=\"auto, (max-width: 500px) 100vw, 500px\" \/><\/a><div class=\"lsow-image-info\"><div class=\"lsow-entry-info\"><h3 class=\"lsow-post-title\"><a href=\"https:\/\/turismo.elejido.es\/index.php\/hostal-trevelez\/\" title=\"Hostal Trev\u00e9lez\" target=\"_self\" rel=\"bookmark\">Hostal Trev\u00e9lez<\/a><\/h3><\/div><\/div><!-- .lsow-image-info --><\/div><div class=\"lsow-entry-text-wrap \"><h3 class=\"entry-title\"><a href=\"https:\/\/turismo.elejido.es\/index.php\/hostal-trevelez\/\" title=\"Hostal Trev\u00e9lez\" target=\"_self\" rel=\"bookmark\">Hostal Trev\u00e9lez<\/a><\/h3><\/div><\/article><!-- .hentry --><\/div><!-- .lsow-posts-carousel-item --><div data-id=\"id-8879\" class=\"lsow-posts-carousel-item\"><article id=\"post-8879\" class=\"post-8879 post type-post status-publish format-standard has-post-thumbnail hentry category-alojamientos tag-3-estrellas tag-ciudad tag-hotel entry has-media\"><div class=\"lsow-project-image\"><a href=\"https:\/\/turismo.elejido.es\/index.php\/hotal-el-eden\/\" target=\"_self\"><img loading=\"lazy\" decoding=\"async\" width=\"500\" height=\"499\" src=\"https:\/\/turismo.elejido.es\/wp-content\/uploads\/2021\/03\/hoteledenportada.jpg\" class=\"attachment-awb_sm size-awb_sm wp-post-image\" alt=\"\" srcset=\"https:\/\/turismo.elejido.es\/wp-content\/uploads\/2021\/03\/hoteledenportada.jpg 500w, https:\/\/turismo.elejido.es\/wp-content\/uploads\/2021\/03\/hoteledenportada-300x300.jpg 300w, https:\/\/turismo.elejido.es\/wp-content\/uploads\/2021\/03\/hoteledenportada-150x150.jpg 150w\" sizes=\"auto, (max-width: 500px) 100vw, 500px\" \/><\/a><div class=\"lsow-image-info\"><div class=\"lsow-entry-info\"><h3 class=\"lsow-post-title\"><a href=\"https:\/\/turismo.elejido.es\/index.php\/hotal-el-eden\/\" title=\"Hotel El Ed\u00e9n\" target=\"_self\" rel=\"bookmark\">Hotel El Ed\u00e9n<\/a><\/h3><\/div><\/div><!-- .lsow-image-info --><\/div><div class=\"lsow-entry-text-wrap \"><h3 class=\"entry-title\"><a href=\"https:\/\/turismo.elejido.es\/index.php\/hotal-el-eden\/\" title=\"Hotel El Ed\u00e9n\" target=\"_self\" rel=\"bookmark\">Hotel El Ed\u00e9n<\/a><\/h3><\/div><\/article><!-- .hentry --><\/div><!-- .lsow-posts-carousel-item --><div data-id=\"id-3325\" class=\"lsow-posts-carousel-item\"><article id=\"post-3325\" class=\"post-3325 post type-post status-publish format-standard has-post-thumbnail hentry category-alojamientos tag-4-estrellas tag-ciudad tag-hotel entry has-media\"><div class=\"lsow-project-image\"><a href=\"https:\/\/turismo.elejido.es\/index.php\/gran-hotel-victoria\/\" target=\"_self\"><img loading=\"lazy\" decoding=\"async\" width=\"500\" height=\"500\" src=\"https:\/\/turismo.elejido.es\/wp-content\/uploads\/2021\/01\/hotelvictoriaportada.jpg\" class=\"attachment-awb_sm size-awb_sm wp-post-image\" alt=\"\" srcset=\"https:\/\/turismo.elejido.es\/wp-content\/uploads\/2021\/01\/hotelvictoriaportada.jpg 500w, https:\/\/turismo.elejido.es\/wp-content\/uploads\/2021\/01\/hotelvictoriaportada-300x300.jpg 300w, https:\/\/turismo.elejido.es\/wp-content\/uploads\/2021\/01\/hotelvictoriaportada-150x150.jpg 150w\" sizes=\"auto, (max-width: 500px) 100vw, 500px\" \/><\/a><div class=\"lsow-image-info\"><div class=\"lsow-entry-info\"><h3 class=\"lsow-post-title\"><a href=\"https:\/\/turismo.elejido.es\/index.php\/gran-hotel-victoria\/\" title=\"Gran Hotel Victoria\" target=\"_self\" rel=\"bookmark\">Gran Hotel Victoria<\/a><\/h3><\/div><\/div><!-- .lsow-image-info --><\/div><div class=\"lsow-entry-text-wrap \"><h3 class=\"entry-title\"><a href=\"https:\/\/turismo.elejido.es\/index.php\/gran-hotel-victoria\/\" title=\"Gran Hotel Victoria\" target=\"_self\" rel=\"bookmark\">Gran Hotel Victoria<\/a><\/h3><\/div><\/article><!-- .hentry --><\/div><!-- .lsow-posts-carousel-item --><div data-id=\"id-8730\" class=\"lsow-posts-carousel-item\"><article id=\"post-8730\" class=\"post-8730 post type-post status-publish format-standard has-post-thumbnail hentry category-alojamientos tag-4-estrellas tag-hotel tag-playa entry has-media\"><div class=\"lsow-project-image\"><a href=\"https:\/\/turismo.elejido.es\/index.php\/ar-hotel-almerimar\/\" target=\"_self\"><img loading=\"lazy\" decoding=\"async\" width=\"500\" height=\"500\" src=\"https:\/\/turismo.elejido.es\/wp-content\/uploads\/2021\/02\/hotelalmerimargolfportada.jpg\" class=\"attachment-awb_sm size-awb_sm wp-post-image\" alt=\"\" srcset=\"https:\/\/turismo.elejido.es\/wp-content\/uploads\/2021\/02\/hotelalmerimargolfportada.jpg 500w, https:\/\/turismo.elejido.es\/wp-content\/uploads\/2021\/02\/hotelalmerimargolfportada-300x300.jpg 300w, https:\/\/turismo.elejido.es\/wp-content\/uploads\/2021\/02\/hotelalmerimargolfportada-150x150.jpg 150w\" sizes=\"auto, (max-width: 500px) 100vw, 500px\" \/><\/a><div class=\"lsow-image-info\"><div class=\"lsow-entry-info\"><h3 class=\"lsow-post-title\"><a href=\"https:\/\/turismo.elejido.es\/index.php\/ar-hotel-almerimar\/\" title=\"Hotel AR Almerimar\" target=\"_self\" rel=\"bookmark\">Hotel AR Almerimar<\/a><\/h3><\/div><\/div><!-- .lsow-image-info --><\/div><div class=\"lsow-entry-text-wrap \"><h3 class=\"entry-title\"><a href=\"https:\/\/turismo.elejido.es\/index.php\/ar-hotel-almerimar\/\" title=\"Hotel AR Almerimar\" target=\"_self\" rel=\"bookmark\">Hotel AR Almerimar<\/a><\/h3><\/div><\/article><!-- .hentry --><\/div><!-- .lsow-posts-carousel-item --><div data-id=\"id-8726\" class=\"lsow-posts-carousel-item\"><article id=\"post-8726\" class=\"post-8726 post type-post status-publish format-standard has-post-thumbnail hentry category-alojamientos tag-2-estrellas tag-apartamento-turistico tag-playa entry has-media\"><div class=\"lsow-project-image\"><a href=\"https:\/\/turismo.elejido.es\/index.php\/el-puerto\/\" target=\"_self\"><img loading=\"lazy\" decoding=\"async\" width=\"500\" height=\"500\" src=\"https:\/\/turismo.elejido.es\/wp-content\/uploads\/2021\/02\/elpuertoportada.jpg\" class=\"attachment-awb_sm size-awb_sm wp-post-image\" alt=\"\" srcset=\"https:\/\/turismo.elejido.es\/wp-content\/uploads\/2021\/02\/elpuertoportada.jpg 500w, https:\/\/turismo.elejido.es\/wp-content\/uploads\/2021\/02\/elpuertoportada-300x300.jpg 300w, https:\/\/turismo.elejido.es\/wp-content\/uploads\/2021\/02\/elpuertoportada-150x150.jpg 150w\" sizes=\"auto, (max-width: 500px) 100vw, 500px\" \/><\/a><div class=\"lsow-image-info\"><div class=\"lsow-entry-info\"><h3 class=\"lsow-post-title\"><a href=\"https:\/\/turismo.elejido.es\/index.php\/el-puerto\/\" title=\"El Puerto\" target=\"_self\" rel=\"bookmark\">El Puerto<\/a><\/h3><\/div><\/div><!-- .lsow-image-info --><\/div><div class=\"lsow-entry-text-wrap \"><h3 class=\"entry-title\"><a href=\"https:\/\/turismo.elejido.es\/index.php\/el-puerto\/\" title=\"El Puerto\" target=\"_self\" rel=\"bookmark\">El Puerto<\/a><\/h3><\/div><\/article><!-- .hentry --><\/div><!-- .lsow-posts-carousel-item --><div data-id=\"id-8843\" class=\"lsow-posts-carousel-item\"><article id=\"post-8843\" class=\"post-8843 post type-post status-publish format-standard has-post-thumbnail hentry category-alojamientos tag-2-estrellas tag-ciudad tag-hostal entry has-media\"><div class=\"lsow-project-image\"><a href=\"https:\/\/turismo.elejido.es\/index.php\/hotel-la-costa\/\" target=\"_self\"><img loading=\"lazy\" decoding=\"async\" width=\"500\" height=\"500\" src=\"https:\/\/turismo.elejido.es\/wp-content\/uploads\/2021\/03\/74fc7886-ea26-4899-8003-6c06db27221b-500x500.jpg\" class=\"attachment-awb_sm size-awb_sm wp-post-image\" alt=\"\" srcset=\"https:\/\/turismo.elejido.es\/wp-content\/uploads\/2021\/03\/74fc7886-ea26-4899-8003-6c06db27221b-500x500.jpg 500w, https:\/\/turismo.elejido.es\/wp-content\/uploads\/2021\/03\/74fc7886-ea26-4899-8003-6c06db27221b-1080x1080.jpg 1080w, https:\/\/turismo.elejido.es\/wp-content\/uploads\/2021\/03\/74fc7886-ea26-4899-8003-6c06db27221b-150x150.jpg 150w, https:\/\/turismo.elejido.es\/wp-content\/uploads\/2021\/03\/74fc7886-ea26-4899-8003-6c06db27221b-768x768.jpg 768w, https:\/\/turismo.elejido.es\/wp-content\/uploads\/2021\/03\/74fc7886-ea26-4899-8003-6c06db27221b-300x300.jpg 300w, https:\/\/turismo.elejido.es\/wp-content\/uploads\/2021\/03\/74fc7886-ea26-4899-8003-6c06db27221b-800x800.jpg 800w, https:\/\/turismo.elejido.es\/wp-content\/uploads\/2021\/03\/74fc7886-ea26-4899-8003-6c06db27221b-600x600.jpg 600w, https:\/\/turismo.elejido.es\/wp-content\/uploads\/2021\/03\/74fc7886-ea26-4899-8003-6c06db27221b.jpg 1200w\" sizes=\"auto, (max-width: 500px) 100vw, 500px\" \/><\/a><div class=\"lsow-image-info\"><div class=\"lsow-entry-info\"><h3 class=\"lsow-post-title\"><a href=\"https:\/\/turismo.elejido.es\/index.php\/hotel-la-costa\/\" title=\"Hostal La Costa\" target=\"_self\" rel=\"bookmark\">Hostal La Costa<\/a><\/h3><\/div><\/div><!-- .lsow-image-info --><\/div><div class=\"lsow-entry-text-wrap \"><h3 class=\"entry-title\"><a href=\"https:\/\/turismo.elejido.es\/index.php\/hotel-la-costa\/\" title=\"Hostal La Costa\" target=\"_self\" rel=\"bookmark\">Hostal La Costa<\/a><\/h3><\/div><\/article><!-- .hentry --><\/div><!-- .lsow-posts-carousel-item --><div data-id=\"id-8892\" class=\"lsow-posts-carousel-item\"><article id=\"post-8892\" class=\"post-8892 post type-post status-publish format-standard has-post-thumbnail hentry category-alojamientos tag-2-estrellas tag-ciudad tag-hostal entry has-media\"><div class=\"lsow-project-image\"><a href=\"https:\/\/turismo.elejido.es\/index.php\/truck-stop-poniente\/\" target=\"_self\"><img loading=\"lazy\" decoding=\"async\" width=\"500\" height=\"500\" src=\"https:\/\/turismo.elejido.es\/wp-content\/uploads\/2021\/03\/truckstoponienteportada.jpg\" class=\"attachment-awb_sm size-awb_sm wp-post-image\" alt=\"\" srcset=\"https:\/\/turismo.elejido.es\/wp-content\/uploads\/2021\/03\/truckstoponienteportada.jpg 500w, https:\/\/turismo.elejido.es\/wp-content\/uploads\/2021\/03\/truckstoponienteportada-300x300.jpg 300w, https:\/\/turismo.elejido.es\/wp-content\/uploads\/2021\/03\/truckstoponienteportada-150x150.jpg 150w\" sizes=\"auto, (max-width: 500px) 100vw, 500px\" \/><\/a><div class=\"lsow-image-info\"><div class=\"lsow-entry-info\"><h3 class=\"lsow-post-title\"><a href=\"https:\/\/turismo.elejido.es\/index.php\/truck-stop-poniente\/\" title=\"Truck Stop Poniente\" target=\"_self\" rel=\"bookmark\">Truck Stop Poniente<\/a><\/h3><\/div><\/div><!-- .lsow-image-info --><\/div><div class=\"lsow-entry-text-wrap \"><h3 class=\"entry-title\"><a href=\"https:\/\/turismo.elejido.es\/index.php\/truck-stop-poniente\/\" title=\"Truck Stop Poniente\" target=\"_self\" rel=\"bookmark\">Truck Stop Poniente<\/a><\/h3><\/div><\/article><!-- .hentry --><\/div><!-- .lsow-posts-carousel-item --><div data-id=\"id-8837\" class=\"lsow-posts-carousel-item\"><article id=\"post-8837\" class=\"post-8837 post type-post status-publish format-standard has-post-thumbnail hentry category-alojamientos tag-1-estrellas tag-ciudad tag-hostal entry has-media\"><div class=\"lsow-project-image\"><a href=\"https:\/\/turismo.elejido.es\/index.php\/hostal-ejido-oeste\/\" target=\"_self\"><img loading=\"lazy\" decoding=\"async\" width=\"500\" height=\"500\" src=\"https:\/\/turismo.elejido.es\/wp-content\/uploads\/2021\/03\/hostalejidoesteportada.jpeg\" class=\"attachment-awb_sm size-awb_sm wp-post-image\" alt=\"\" srcset=\"https:\/\/turismo.elejido.es\/wp-content\/uploads\/2021\/03\/hostalejidoesteportada.jpeg 500w, https:\/\/turismo.elejido.es\/wp-content\/uploads\/2021\/03\/hostalejidoesteportada-300x300.jpeg 300w, https:\/\/turismo.elejido.es\/wp-content\/uploads\/2021\/03\/hostalejidoesteportada-150x150.jpeg 150w\" sizes=\"auto, (max-width: 500px) 100vw, 500px\" \/><\/a><div class=\"lsow-image-info\"><div class=\"lsow-entry-info\"><h3 class=\"lsow-post-title\"><a href=\"https:\/\/turismo.elejido.es\/index.php\/hostal-ejido-oeste\/\" title=\"Hostal Ejido Oeste\" target=\"_self\" rel=\"bookmark\">Hostal Ejido Oeste<\/a><\/h3><\/div><\/div><!-- .lsow-image-info --><\/div><div class=\"lsow-entry-text-wrap \"><h3 class=\"entry-title\"><a href=\"https:\/\/turismo.elejido.es\/index.php\/hostal-ejido-oeste\/\" title=\"Hostal Ejido Oeste\" target=\"_self\" rel=\"bookmark\">Hostal Ejido Oeste<\/a><\/h3><\/div><\/article><!-- .hentry --><\/div><!-- .lsow-posts-carousel-item --><\/div><!-- .lsow-posts-carousel --><\/div><\/div><\/div>\n\n\n\n<div style=\"height:100px\" aria-hidden=\"true\" class=\"wp-block-spacer\"><\/div>\n","protected":false},"excerpt":{"rendered":"<p>Alojamientos Similares Ver todo<\/p>\n","protected":false},"author":5,"featured_media":8820,"comment_status":"closed","ping_status":"closed","sticky":false,"template":"","format":"standard","meta":{"ocean_post_layout":"","ocean_both_sidebars_style":"","ocean_both_sidebars_content_width":0,"ocean_both_sidebars_sidebars_width":0,"ocean_sidebar":"0","ocean_second_sidebar":"0","ocean_disable_margins":"enable","ocean_add_body_class":"","ocean_shortcode_before_top_bar":"","ocean_shortcode_after_top_bar":"","ocean_shortcode_before_header":"","ocean_shortcode_after_header":"","ocean_has_shortcode":"","ocean_shortcode_after_title":"","ocean_shortcode_before_footer_widgets":"","ocean_shortcode_after_footer_widgets":"","ocean_shortcode_before_footer_bottom":"","ocean_shortcode_after_footer_bottom":"","ocean_display_top_bar":"off","ocean_display_header":"on","ocean_header_style":"","ocean_center_header_left_menu":"0","ocean_custom_header_template":"0","ocean_custom_logo":0,"ocean_custom_retina_logo":0,"ocean_custom_logo_max_width":0,"ocean_custom_logo_tablet_max_width":0,"ocean_custom_logo_mobile_max_width":0,"ocean_custom_logo_max_height":0,"ocean_custom_logo_tablet_max_height":0,"ocean_custom_logo_mobile_max_height":0,"ocean_header_custom_menu":"0","ocean_menu_typo_font_family":"0","ocean_menu_typo_font_subset":"","ocean_menu_typo_font_size":0,"ocean_menu_typo_font_size_tablet":0,"ocean_menu_typo_font_size_mobile":0,"ocean_menu_typo_font_size_unit":"px","ocean_menu_typo_font_weight":"","ocean_menu_typo_font_weight_tablet":"","ocean_menu_typo_font_weight_mobile":"","ocean_menu_typo_transform":"","ocean_menu_typo_transform_tablet":"","ocean_menu_typo_transform_mobile":"","ocean_menu_typo_line_height":0,"ocean_menu_typo_line_height_tablet":0,"ocean_menu_typo_line_height_mobile":0,"ocean_menu_typo_line_height_unit":"","ocean_menu_typo_spacing":0,"ocean_menu_typo_spacing_tablet":0,"ocean_menu_typo_spacing_mobile":0,"ocean_menu_typo_spacing_unit":"","ocean_menu_link_color":"","ocean_menu_link_color_hover":"","ocean_menu_link_color_active":"","ocean_menu_link_background":"","ocean_menu_link_hover_background":"","ocean_menu_link_active_background":"","ocean_menu_social_links_bg":"","ocean_menu_social_hover_links_bg":"","ocean_menu_social_links_color":"","ocean_menu_social_hover_links_color":"","ocean_disable_title":"on","ocean_disable_heading":"default","ocean_post_title":"","ocean_post_subheading":"","ocean_post_title_style":"","ocean_post_title_background_color":"","ocean_post_title_background":0,"ocean_post_title_bg_image_position":"","ocean_post_title_bg_image_attachment":"","ocean_post_title_bg_image_repeat":"","ocean_post_title_bg_image_size":"","ocean_post_title_height":0,"ocean_post_title_bg_overlay":0.5,"ocean_post_title_bg_overlay_color":"","ocean_disable_breadcrumbs":"default","ocean_breadcrumbs_color":"","ocean_breadcrumbs_separator_color":"","ocean_breadcrumbs_links_color":"","ocean_breadcrumbs_links_hover_color":"","ocean_display_footer_widgets":"default","ocean_display_footer_bottom":"default","ocean_custom_footer_template":"0","ocean_post_oembed":"","ocean_post_self_hosted_media":"","ocean_post_video_embed":"","ocean_link_format":"","ocean_link_format_target":"self","ocean_quote_format":"","ocean_quote_format_link":"post","ocean_gallery_link_images":"off","ocean_gallery_id":[],"footnotes":""},"categories":[32],"tags":[255,245,259],"class_list":["post-8713","post","type-post","status-publish","format-standard","has-post-thumbnail","hentry","category-alojamientos","tag-2-estrellas","tag-apartamento-turistico","tag-playa","entry","has-media"],"yoast_head":"<!-- This site is optimized with the Yoast SEO plugin v27.4 - https:\/\/yoast.com\/product\/yoast-seo-wordpress\/ -->\n<title>Dream Sea - Turismo El Ejido<\/title>\n<meta name=\"description\" content=\"Apartamentos tur\u00edsticos en primera l\u00ednea de playa. Cuenta con piscina, pista de p\u00e1del, zonas ajardinadas, parque infantil y parking privado.\" \/>\n<meta name=\"robots\" content=\"index, follow, max-snippet:-1, max-image-preview:large, max-video-preview:-1\" \/>\n<link rel=\"canonical\" href=\"https:\/\/turismo.elejido.es\/index.php\/dream-sea\/\" \/>\n<meta property=\"og:locale\" content=\"es_ES\" \/>\n<meta property=\"og:type\" content=\"article\" \/>\n<meta property=\"og:title\" content=\"Dream Sea - Turismo El Ejido\" \/>\n<meta property=\"og:description\" content=\"Apartamentos tur\u00edsticos en primera l\u00ednea de playa. Cuenta con piscina, pista de p\u00e1del, zonas ajardinadas, parque infantil y parking privado.\" \/>\n<meta property=\"og:url\" content=\"https:\/\/turismo.elejido.es\/index.php\/dream-sea\/\" \/>\n<meta property=\"og:site_name\" content=\"Turismo El Ejido\" \/>\n<meta property=\"article:published_time\" content=\"2021-02-26T13:26:58+00:00\" \/>\n<meta property=\"article:modified_time\" content=\"2021-05-31T10:03:54+00:00\" \/>\n<meta property=\"og:image\" content=\"https:\/\/turismo.elejido.es\/wp-content\/uploads\/2021\/02\/DreamSeaSpiritportada.jpg\" \/>\n\t<meta property=\"og:image:width\" content=\"500\" \/>\n\t<meta property=\"og:image:height\" content=\"499\" \/>\n\t<meta property=\"og:image:type\" content=\"image\/jpeg\" \/>\n<meta name=\"author\" content=\"Irene\" \/>\n<meta name=\"twitter:card\" content=\"summary_large_image\" \/>\n<meta name=\"twitter:label1\" content=\"Escrito por\" \/>\n\t<meta name=\"twitter:data1\" content=\"Irene\" \/>\n\t<meta name=\"twitter:label2\" content=\"Tiempo de lectura\" \/>\n\t<meta name=\"twitter:data2\" content=\"1 minuto\" \/>\n<script type=\"application\/ld+json\" class=\"yoast-schema-graph\">{\"@context\":\"https:\\\/\\\/schema.org\",\"@graph\":[{\"@type\":\"Article\",\"@id\":\"https:\\\/\\\/turismo.elejido.es\\\/index.php\\\/dream-sea\\\/#article\",\"isPartOf\":{\"@id\":\"https:\\\/\\\/turismo.elejido.es\\\/index.php\\\/dream-sea\\\/\"},\"author\":{\"name\":\"Irene\",\"@id\":\"https:\\\/\\\/turismo.elejido.es\\\/#\\\/schema\\\/person\\\/0e341944233e3c38c8cc13f2cb49428a\"},\"headline\":\"Dream Sea\",\"datePublished\":\"2021-02-26T13:26:58+00:00\",\"dateModified\":\"2021-05-31T10:03:54+00:00\",\"mainEntityOfPage\":{\"@id\":\"https:\\\/\\\/turismo.elejido.es\\\/index.php\\\/dream-sea\\\/\"},\"wordCount\":54,\"publisher\":{\"@id\":\"https:\\\/\\\/turismo.elejido.es\\\/#organization\"},\"image\":{\"@id\":\"https:\\\/\\\/turismo.elejido.es\\\/index.php\\\/dream-sea\\\/#primaryimage\"},\"thumbnailUrl\":\"https:\\\/\\\/turismo.elejido.es\\\/wp-content\\\/uploads\\\/2021\\\/02\\\/DreamSeaSpiritportada.jpg\",\"keywords\":[\"2 estrellas\",\"Apartamento tur\u00edstico\",\"Playa\"],\"articleSection\":[\"Alojamientos\"],\"inLanguage\":\"es\"},{\"@type\":\"WebPage\",\"@id\":\"https:\\\/\\\/turismo.elejido.es\\\/index.php\\\/dream-sea\\\/\",\"url\":\"https:\\\/\\\/turismo.elejido.es\\\/index.php\\\/dream-sea\\\/\",\"name\":\"Dream Sea - Turismo El Ejido\",\"isPartOf\":{\"@id\":\"https:\\\/\\\/turismo.elejido.es\\\/#website\"},\"primaryImageOfPage\":{\"@id\":\"https:\\\/\\\/turismo.elejido.es\\\/index.php\\\/dream-sea\\\/#primaryimage\"},\"image\":{\"@id\":\"https:\\\/\\\/turismo.elejido.es\\\/index.php\\\/dream-sea\\\/#primaryimage\"},\"thumbnailUrl\":\"https:\\\/\\\/turismo.elejido.es\\\/wp-content\\\/uploads\\\/2021\\\/02\\\/DreamSeaSpiritportada.jpg\",\"datePublished\":\"2021-02-26T13:26:58+00:00\",\"dateModified\":\"2021-05-31T10:03:54+00:00\",\"description\":\"Apartamentos tur\u00edsticos en primera l\u00ednea de playa. Cuenta con piscina, pista de p\u00e1del, zonas ajardinadas, parque infantil y parking privado.\",\"breadcrumb\":{\"@id\":\"https:\\\/\\\/turismo.elejido.es\\\/index.php\\\/dream-sea\\\/#breadcrumb\"},\"inLanguage\":\"es\",\"potentialAction\":[{\"@type\":\"ReadAction\",\"target\":[\"https:\\\/\\\/turismo.elejido.es\\\/index.php\\\/dream-sea\\\/\"]}]},{\"@type\":\"ImageObject\",\"inLanguage\":\"es\",\"@id\":\"https:\\\/\\\/turismo.elejido.es\\\/index.php\\\/dream-sea\\\/#primaryimage\",\"url\":\"https:\\\/\\\/turismo.elejido.es\\\/wp-content\\\/uploads\\\/2021\\\/02\\\/DreamSeaSpiritportada.jpg\",\"contentUrl\":\"https:\\\/\\\/turismo.elejido.es\\\/wp-content\\\/uploads\\\/2021\\\/02\\\/DreamSeaSpiritportada.jpg\",\"width\":500,\"height\":499},{\"@type\":\"BreadcrumbList\",\"@id\":\"https:\\\/\\\/turismo.elejido.es\\\/index.php\\\/dream-sea\\\/#breadcrumb\",\"itemListElement\":[{\"@type\":\"ListItem\",\"position\":1,\"name\":\"Inicio\",\"item\":\"https:\\\/\\\/turismo.elejido.es\\\/\"},{\"@type\":\"ListItem\",\"position\":2,\"name\":\"Alojamientos\",\"item\":\"https:\\\/\\\/turismo.elejido.es\\\/index.php\\\/category\\\/alojamientos\\\/\"},{\"@type\":\"ListItem\",\"position\":3,\"name\":\"Dream Sea\"}]},{\"@type\":\"WebSite\",\"@id\":\"https:\\\/\\\/turismo.elejido.es\\\/#website\",\"url\":\"https:\\\/\\\/turismo.elejido.es\\\/\",\"name\":\"Turismo El Ejido\",\"description\":\"Portal Oficial de Turismo del Municipio de El Ejido, Almerimar y Balerma situado en la costa de Almer\u00eda.\",\"publisher\":{\"@id\":\"https:\\\/\\\/turismo.elejido.es\\\/#organization\"},\"potentialAction\":[{\"@type\":\"SearchAction\",\"target\":{\"@type\":\"EntryPoint\",\"urlTemplate\":\"https:\\\/\\\/turismo.elejido.es\\\/?s={search_term_string}\"},\"query-input\":{\"@type\":\"PropertyValueSpecification\",\"valueRequired\":true,\"valueName\":\"search_term_string\"}}],\"inLanguage\":\"es\"},{\"@type\":\"Organization\",\"@id\":\"https:\\\/\\\/turismo.elejido.es\\\/#organization\",\"name\":\"Turismo El Ejido\",\"url\":\"https:\\\/\\\/turismo.elejido.es\\\/\",\"logo\":{\"@type\":\"ImageObject\",\"inLanguage\":\"es\",\"@id\":\"https:\\\/\\\/turismo.elejido.es\\\/#\\\/schema\\\/logo\\\/image\\\/\",\"url\":\"https:\\\/\\\/turismo.elejido.es\\\/wp-content\\\/uploads\\\/2020\\\/12\\\/elejidoNaranja.png\",\"contentUrl\":\"https:\\\/\\\/turismo.elejido.es\\\/wp-content\\\/uploads\\\/2020\\\/12\\\/elejidoNaranja.png\",\"width\":163,\"height\":92,\"caption\":\"Turismo El Ejido\"},\"image\":{\"@id\":\"https:\\\/\\\/turismo.elejido.es\\\/#\\\/schema\\\/logo\\\/image\\\/\"}},{\"@type\":\"Person\",\"@id\":\"https:\\\/\\\/turismo.elejido.es\\\/#\\\/schema\\\/person\\\/0e341944233e3c38c8cc13f2cb49428a\",\"name\":\"Irene\",\"image\":{\"@type\":\"ImageObject\",\"inLanguage\":\"es\",\"@id\":\"https:\\\/\\\/secure.gravatar.com\\\/avatar\\\/f70eaec7b93f55470e4e8ce5de16dabe8baf318f0608def2fe88ee6229b4d6de?s=96&d=mm&r=g\",\"url\":\"https:\\\/\\\/secure.gravatar.com\\\/avatar\\\/f70eaec7b93f55470e4e8ce5de16dabe8baf318f0608def2fe88ee6229b4d6de?s=96&d=mm&r=g\",\"contentUrl\":\"https:\\\/\\\/secure.gravatar.com\\\/avatar\\\/f70eaec7b93f55470e4e8ce5de16dabe8baf318f0608def2fe88ee6229b4d6de?s=96&d=mm&r=g\",\"caption\":\"Irene\"},\"url\":\"https:\\\/\\\/turismo.elejido.es\\\/index.php\\\/author\\\/irene\\\/\"}]}<\/script>\n<!-- \/ Yoast SEO plugin. -->","yoast_head_json":{"title":"Dream Sea - Turismo El Ejido","description":"Apartamentos tur\u00edsticos en primera l\u00ednea de playa. Cuenta con piscina, pista de p\u00e1del, zonas ajardinadas, parque infantil y parking privado.","robots":{"index":"index","follow":"follow","max-snippet":"max-snippet:-1","max-image-preview":"max-image-preview:large","max-video-preview":"max-video-preview:-1"},"canonical":"https:\/\/turismo.elejido.es\/index.php\/dream-sea\/","og_locale":"es_ES","og_type":"article","og_title":"Dream Sea - Turismo El Ejido","og_description":"Apartamentos tur\u00edsticos en primera l\u00ednea de playa. Cuenta con piscina, pista de p\u00e1del, zonas ajardinadas, parque infantil y parking privado.","og_url":"https:\/\/turismo.elejido.es\/index.php\/dream-sea\/","og_site_name":"Turismo El Ejido","article_published_time":"2021-02-26T13:26:58+00:00","article_modified_time":"2021-05-31T10:03:54+00:00","og_image":[{"width":500,"height":499,"url":"https:\/\/turismo.elejido.es\/wp-content\/uploads\/2021\/02\/DreamSeaSpiritportada.jpg","type":"image\/jpeg"}],"author":"Irene","twitter_card":"summary_large_image","twitter_misc":{"Escrito por":"Irene","Tiempo de lectura":"1 minuto"},"schema":{"@context":"https:\/\/schema.org","@graph":[{"@type":"Article","@id":"https:\/\/turismo.elejido.es\/index.php\/dream-sea\/#article","isPartOf":{"@id":"https:\/\/turismo.elejido.es\/index.php\/dream-sea\/"},"author":{"name":"Irene","@id":"https:\/\/turismo.elejido.es\/#\/schema\/person\/0e341944233e3c38c8cc13f2cb49428a"},"headline":"Dream Sea","datePublished":"2021-02-26T13:26:58+00:00","dateModified":"2021-05-31T10:03:54+00:00","mainEntityOfPage":{"@id":"https:\/\/turismo.elejido.es\/index.php\/dream-sea\/"},"wordCount":54,"publisher":{"@id":"https:\/\/turismo.elejido.es\/#organization"},"image":{"@id":"https:\/\/turismo.elejido.es\/index.php\/dream-sea\/#primaryimage"},"thumbnailUrl":"https:\/\/turismo.elejido.es\/wp-content\/uploads\/2021\/02\/DreamSeaSpiritportada.jpg","keywords":["2 estrellas","Apartamento tur\u00edstico","Playa"],"articleSection":["Alojamientos"],"inLanguage":"es"},{"@type":"WebPage","@id":"https:\/\/turismo.elejido.es\/index.php\/dream-sea\/","url":"https:\/\/turismo.elejido.es\/index.php\/dream-sea\/","name":"Dream Sea - Turismo El Ejido","isPartOf":{"@id":"https:\/\/turismo.elejido.es\/#website"},"primaryImageOfPage":{"@id":"https:\/\/turismo.elejido.es\/index.php\/dream-sea\/#primaryimage"},"image":{"@id":"https:\/\/turismo.elejido.es\/index.php\/dream-sea\/#primaryimage"},"thumbnailUrl":"https:\/\/turismo.elejido.es\/wp-content\/uploads\/2021\/02\/DreamSeaSpiritportada.jpg","datePublished":"2021-02-26T13:26:58+00:00","dateModified":"2021-05-31T10:03:54+00:00","description":"Apartamentos tur\u00edsticos en primera l\u00ednea de playa. Cuenta con piscina, pista de p\u00e1del, zonas ajardinadas, parque infantil y parking privado.","breadcrumb":{"@id":"https:\/\/turismo.elejido.es\/index.php\/dream-sea\/#breadcrumb"},"inLanguage":"es","potentialAction":[{"@type":"ReadAction","target":["https:\/\/turismo.elejido.es\/index.php\/dream-sea\/"]}]},{"@type":"ImageObject","inLanguage":"es","@id":"https:\/\/turismo.elejido.es\/index.php\/dream-sea\/#primaryimage","url":"https:\/\/turismo.elejido.es\/wp-content\/uploads\/2021\/02\/DreamSeaSpiritportada.jpg","contentUrl":"https:\/\/turismo.elejido.es\/wp-content\/uploads\/2021\/02\/DreamSeaSpiritportada.jpg","width":500,"height":499},{"@type":"BreadcrumbList","@id":"https:\/\/turismo.elejido.es\/index.php\/dream-sea\/#breadcrumb","itemListElement":[{"@type":"ListItem","position":1,"name":"Inicio","item":"https:\/\/turismo.elejido.es\/"},{"@type":"ListItem","position":2,"name":"Alojamientos","item":"https:\/\/turismo.elejido.es\/index.php\/category\/alojamientos\/"},{"@type":"ListItem","position":3,"name":"Dream Sea"}]},{"@type":"WebSite","@id":"https:\/\/turismo.elejido.es\/#website","url":"https:\/\/turismo.elejido.es\/","name":"Turismo El Ejido","description":"Portal Oficial de Turismo del Municipio de El Ejido, Almerimar y Balerma situado en la costa de Almer\u00eda.","publisher":{"@id":"https:\/\/turismo.elejido.es\/#organization"},"potentialAction":[{"@type":"SearchAction","target":{"@type":"EntryPoint","urlTemplate":"https:\/\/turismo.elejido.es\/?s={search_term_string}"},"query-input":{"@type":"PropertyValueSpecification","valueRequired":true,"valueName":"search_term_string"}}],"inLanguage":"es"},{"@type":"Organization","@id":"https:\/\/turismo.elejido.es\/#organization","name":"Turismo El Ejido","url":"https:\/\/turismo.elejido.es\/","logo":{"@type":"ImageObject","inLanguage":"es","@id":"https:\/\/turismo.elejido.es\/#\/schema\/logo\/image\/","url":"https:\/\/turismo.elejido.es\/wp-content\/uploads\/2020\/12\/elejidoNaranja.png","contentUrl":"https:\/\/turismo.elejido.es\/wp-content\/uploads\/2020\/12\/elejidoNaranja.png","width":163,"height":92,"caption":"Turismo El Ejido"},"image":{"@id":"https:\/\/turismo.elejido.es\/#\/schema\/logo\/image\/"}},{"@type":"Person","@id":"https:\/\/turismo.elejido.es\/#\/schema\/person\/0e341944233e3c38c8cc13f2cb49428a","name":"Irene","image":{"@type":"ImageObject","inLanguage":"es","@id":"https:\/\/secure.gravatar.com\/avatar\/f70eaec7b93f55470e4e8ce5de16dabe8baf318f0608def2fe88ee6229b4d6de?s=96&d=mm&r=g","url":"https:\/\/secure.gravatar.com\/avatar\/f70eaec7b93f55470e4e8ce5de16dabe8baf318f0608def2fe88ee6229b4d6de?s=96&d=mm&r=g","contentUrl":"https:\/\/secure.gravatar.com\/avatar\/f70eaec7b93f55470e4e8ce5de16dabe8baf318f0608def2fe88ee6229b4d6de?s=96&d=mm&r=g","caption":"Irene"},"url":"https:\/\/turismo.elejido.es\/index.php\/author\/irene\/"}]}},"_links":{"self":[{"href":"https:\/\/turismo.elejido.es\/index.php\/wp-json\/wp\/v2\/posts\/8713","targetHints":{"allow":["GET"]}}],"collection":[{"href":"https:\/\/turismo.elejido.es\/index.php\/wp-json\/wp\/v2\/posts"}],"about":[{"href":"https:\/\/turismo.elejido.es\/index.php\/wp-json\/wp\/v2\/types\/post"}],"author":[{"embeddable":true,"href":"https:\/\/turismo.elejido.es\/index.php\/wp-json\/wp\/v2\/users\/5"}],"replies":[{"embeddable":true,"href":"https:\/\/turismo.elejido.es\/index.php\/wp-json\/wp\/v2\/comments?post=8713"}],"version-history":[{"count":0,"href":"https:\/\/turismo.elejido.es\/index.php\/wp-json\/wp\/v2\/posts\/8713\/revisions"}],"wp:featuredmedia":[{"embeddable":true,"href":"https:\/\/turismo.elejido.es\/index.php\/wp-json\/wp\/v2\/media\/8820"}],"wp:attachment":[{"href":"https:\/\/turismo.elejido.es\/index.php\/wp-json\/wp\/v2\/media?parent=8713"}],"wp:term":[{"taxonomy":"category","embeddable":true,"href":"https:\/\/turismo.elejido.es\/index.php\/wp-json\/wp\/v2\/categories?post=8713"},{"taxonomy":"post_tag","embeddable":true,"href":"https:\/\/turismo.elejido.es\/index.php\/wp-json\/wp\/v2\/tags?post=8713"}],"curies":[{"name":"wp","href":"https:\/\/api.w.org\/{rel}","templated":true}]}}